{"id":25593,"date":"2014-02-07T14:42:43","date_gmt":"2014-02-07T17:42:43","guid":{"rendered":"http:\/\/vocesdebaires.com.ar\/wordpress\/index.php\/2014\/02\/07\/en-el-inicio-instituto-recibe-a-douglas-haig-2\/"},"modified":"2014-02-07T14:42:43","modified_gmt":"2014-02-07T17:42:43","slug":"en-el-inicio-instituto-recibe-a-douglas-haig-2","status":"publish","type":"post","link":"https:\/\/vocesdebaires.com.ar\/index.php\/2014\/02\/07\/en-el-inicio-instituto-recibe-a-douglas-haig-2\/","title":{"rendered":"En el inicio, Instituto recibe a Douglas Haig"},"content":{"rendered":"<p><span style=\"line-height: 1.3em;\">Hoy a las 19, jugar\u00e1n Instituto y Dougas Haig, en el comienzo de la 22a. fecha de Primera B Nacional. La jornada seguir\u00e1 con tres partidos. Ma\u00f1ana se disputar\u00e1n tres encuentros, dos el domingo e igual cantidad de cotejos el lunes.<\/span><\/p>\n<p><span style=\"line-height: 1.3em;\">La 22a. fecha de Primera B Nacional se jugar\u00e1 del siguiente modo:<\/span><\/p>\n<p><span style=\"line-height: 1.3em;\">Viernes 7 de febrero<\/span><\/p>\n<p>19.00&#8211; Instituto A.C. Cba.-Douglas Haig, \u00e1rbitro: Fernando Echenique \u00a0(TV)<\/p>\n<p>21.00&#8211; Sarmiento-Talleres (Cba), \u00e1rbitro: Federico Beligoy (TV)<\/p>\n<p>21.30&#8211; Independiente Riv. (Mza.)-Sp. Belgrano, \u00e1rbitro: Gast\u00f3n Su\u00e1rez<\/p>\n<p>22.00&#8211; At. Tucum\u00e1n-G. y Esgrima (Jujuy), \u00e1rbitro: Jorge Bali\u00f1o \u00a0(TV)<\/p>\n<p><span style=\"line-height: 1.3em;\">S\u00e1bado 8 de febrero <\/span><\/p>\n<p>17.00&#8211; Banfield-Alte. Brown, \u00e1rbitro: Mauro Giannini \u00a0(TV)<\/p>\n<p>18.15&#8211; Hurac\u00e1n-Crucero del Norte, \u00e1rbitro: Sa\u00fal Laverni \u00a0(TV)<\/p>\n<p>20.30&#8211; Aldosivi-San Mart\u00edn (S. Juan), \u00e1rbitro: Alejandro Castro (En estadio Mar del Plata)<\/p>\n<p><span style=\"line-height: 1.3em;\">Domingo 9 de febrero<\/span><\/p>\n<p>17.00&#8211; Brown de Adrogu\u00e9-Independiente, \u00e1rbitro: Pablo D\u00edaz \u00a0 (En Temperley) \u00a0 \u00a0(TV)<\/p>\n<p>17.00&#8211; Boca Unidos-Ferro Carril Oeste, \u00e1rbitro: Ramiro L\u00f3pez \u00a0 (En Hurac\u00e1n Corrientes)<\/p>\n<p><span style=\"line-height: 1.3em;\">Lunes 10 de febrero<\/span><\/p>\n<p>17.00&#8211;Villa San Carlos-Uni\u00f3n, \u00e1rbitro: Pedro Arga\u00f1ar\u00e1z \u00a0(TV)<\/p>\n<p>19.00&#8211;Patronato-Def. y Justicia, \u00e1rbitro: Sergio Pezzotta \u00a0(TV)<\/p>\n<p>PENDIENTE FECHA 21<\/p>\n<p>Martes 11 de febrero<\/p>\n<p>17.00\u2014Douglas Haig-Sarmiento<\/p>\n","protected":false},"excerpt":{"rendered":"<p>Hoy a las 19, jugar\u00e1n Instituto y Dougas Haig, en el comienzo de la 22a. fecha de Primera B Nacional. La jornada seguir\u00e1 con tres partidos. Ma\u00f1ana se disputar\u00e1n tres encuentros, dos el domingo e igual cantidad de cotejos el lunes. La 22a. fecha de Primera B Nacional se jugar\u00e1 del siguiente modo: Viernes 7 [&hellip;]<\/p>\n","protected":false},"author":2,"featured_media":22379,"comment_status":"open","ping_status":"open","sticky":false,"template":"","format":"standard","meta":{"_et_pb_use_builder":"","_et_pb_old_content":"","_et_gb_content_width":"","footnotes":""},"categories":[53,14],"tags":[],"class_list":["post-25593","post","type-post","status-publish","format-standard","has-post-thumbnail","hentry","category-1o-b-metropolitana","category-deportes"],"_links":{"self":[{"href":"https:\/\/vocesdebaires.com.ar\/index.php\/wp-json\/wp\/v2\/posts\/25593"}],"collection":[{"href":"https:\/\/vocesdebaires.com.ar\/index.php\/wp-json\/wp\/v2\/posts"}],"about":[{"href":"https:\/\/vocesdebaires.com.ar\/index.php\/wp-json\/wp\/v2\/types\/post"}],"author":[{"embeddable":true,"href":"https:\/\/vocesdebaires.com.ar\/index.php\/wp-json\/wp\/v2\/users\/2"}],"replies":[{"embeddable":true,"href":"https:\/\/vocesdebaires.com.ar\/index.php\/wp-json\/wp\/v2\/comments?post=25593"}],"version-history":[{"count":0,"href":"https:\/\/vocesdebaires.com.ar\/index.php\/wp-json\/wp\/v2\/posts\/25593\/revisions"}],"wp:featuredmedia":[{"embeddable":true,"href":"https:\/\/vocesdebaires.com.ar\/index.php\/wp-json\/wp\/v2\/media\/22379"}],"wp:attachment":[{"href":"https:\/\/vocesdebaires.com.ar\/index.php\/wp-json\/wp\/v2\/media?parent=25593"}],"wp:term":[{"taxonomy":"category","embeddable":true,"href":"https:\/\/vocesdebaires.com.ar\/index.php\/wp-json\/wp\/v2\/categories?post=25593"},{"taxonomy":"post_tag","embeddable":true,"href":"https:\/\/vocesdebaires.com.ar\/index.php\/wp-json\/wp\/v2\/tags?post=25593"}],"curies":[{"name":"wp","href":"https:\/\/api.w.org\/{rel}","templated":true}]}}