{"id":25611,"date":"2014-02-12T12:21:45","date_gmt":"2014-02-12T15:21:45","guid":{"rendered":"http:\/\/vocesdebaires.com.ar\/wordpress\/index.php\/2014\/02\/12\/legisladores-de-la-oposicion-solicitaron-una-reunion-con-macri-2\/"},"modified":"2014-02-12T12:21:45","modified_gmt":"2014-02-12T15:21:45","slug":"legisladores-de-la-oposicion-solicitaron-una-reunion-con-macri-2","status":"publish","type":"post","link":"https:\/\/vocesdebaires.com.ar\/index.php\/2014\/02\/12\/legisladores-de-la-oposicion-solicitaron-una-reunion-con-macri-2\/","title":{"rendered":"Legisladores de la oposici\u00f3n solicitaron  una reuni\u00f3n con Macri"},"content":{"rendered":"<p><span style=\"line-height: 1.3em;\">Con una intensa lluvia en la ciudad, ayer a la ma\u00f1ana en el sal\u00f3n Per\u00f2n de la legislatura se reunieron los \u00a0de padres y madres cuyos hijos contin\u00faan sin poder acceder a una vacante en la escuela p\u00fablica, legisladores de diferentes bloques de la oposici\u00f3n acordaron solicitar una reuni\u00f3n al Jefe de Gobierno Mauricio Macri para exigir respuestas ante la crisis educativa que vive la Ciudad. Durante toda la ma\u00f1ana la legislatura porte\u00f1a recibi\u00f3 a padres, docentes y organizaciones nucleados en la \u201cMultisectorial x Vacantes\u201d.<\/span><\/p>\n<p>En este marco la diputada Lorena Pokoik del Frente para la Victoria declar\u00f3 \u201clos m\u00e1s de 11.000 ni\u00f1os sin vacantes no son producto de un error, sino el resultado de una pol\u00edtica de abandono del sector p\u00fablico cuyo responsable m\u00e1ximo es el Jefe de Gobierno Mauricio Macri\u201d.\u00a0<span style=\"line-height: 1.3em;\">Adem\u00e1s se\u00f1al\u00f3 \u201cel Jefe de Gobierno incumple el mandato constitucional que establece con claridad que la Ciudad asume la responsabilidad indelegable de asegurar y financiar la educaci\u00f3n p\u00fablica estatal y gratuita desde los 45 d\u00edas de vida. <\/span><span style=\"line-height: 1.3em;\">Para concluir sostuvo \u201cexigimos que Mauricio Macri reciba a legisladores y padres para explicar las medidas que se llevar\u00e1n a cabo a fin de garantizar que todos los chicos tengan su vacante garantizada en condiciones dignas\u201d.<\/span><\/p>\n","protected":false},"excerpt":{"rendered":"<p>Con una intensa lluvia en la ciudad, ayer a la ma\u00f1ana en el sal\u00f3n Per\u00f2n de la legislatura se reunieron los \u00a0de padres y madres cuyos hijos contin\u00faan sin poder acceder a una vacante en la escuela p\u00fablica, legisladores de diferentes bloques de la oposici\u00f3n acordaron solicitar una reuni\u00f3n al Jefe de Gobierno Mauricio Macri [&hellip;]<\/p>\n","protected":false},"author":2,"featured_media":22411,"comment_status":"open","ping_status":"open","sticky":false,"template":"","format":"standard","meta":{"_et_pb_use_builder":"","_et_pb_old_content":"","_et_gb_content_width":"","footnotes":""},"categories":[11,44],"tags":[],"class_list":["post-25611","post","type-post","status-publish","format-standard","has-post-thumbnail","hentry","category-ciudad","category-funcionarios-de-la-caba"],"_links":{"self":[{"href":"https:\/\/vocesdebaires.com.ar\/index.php\/wp-json\/wp\/v2\/posts\/25611"}],"collection":[{"href":"https:\/\/vocesdebaires.com.ar\/index.php\/wp-json\/wp\/v2\/posts"}],"about":[{"href":"https:\/\/vocesdebaires.com.ar\/index.php\/wp-json\/wp\/v2\/types\/post"}],"author":[{"embeddable":true,"href":"https:\/\/vocesdebaires.com.ar\/index.php\/wp-json\/wp\/v2\/users\/2"}],"replies":[{"embeddable":true,"href":"https:\/\/vocesdebaires.com.ar\/index.php\/wp-json\/wp\/v2\/comments?post=25611"}],"version-history":[{"count":0,"href":"https:\/\/vocesdebaires.com.ar\/index.php\/wp-json\/wp\/v2\/posts\/25611\/revisions"}],"wp:featuredmedia":[{"embeddable":true,"href":"https:\/\/vocesdebaires.com.ar\/index.php\/wp-json\/wp\/v2\/media\/22411"}],"wp:attachment":[{"href":"https:\/\/vocesdebaires.com.ar\/index.php\/wp-json\/wp\/v2\/media?parent=25611"}],"wp:term":[{"taxonomy":"category","embeddable":true,"href":"https:\/\/vocesdebaires.com.ar\/index.php\/wp-json\/wp\/v2\/categories?post=25611"},{"taxonomy":"post_tag","embeddable":true,"href":"https:\/\/vocesdebaires.com.ar\/index.php\/wp-json\/wp\/v2\/tags?post=25611"}],"curies":[{"name":"wp","href":"https:\/\/api.w.org\/{rel}","templated":true}]}}