{"id":25613,"date":"2014-02-12T12:38:56","date_gmt":"2014-02-12T15:38:56","guid":{"rendered":"http:\/\/vocesdebaires.com.ar\/wordpress\/index.php\/2014\/02\/12\/la-campana-de-escraches-es-organizada-desde-el-gobierno-2\/"},"modified":"2014-02-12T12:38:56","modified_gmt":"2014-02-12T15:38:56","slug":"la-campana-de-escraches-es-organizada-desde-el-gobierno-2","status":"publish","type":"post","link":"https:\/\/vocesdebaires.com.ar\/index.php\/2014\/02\/12\/la-campana-de-escraches-es-organizada-desde-el-gobierno-2\/","title":{"rendered":"La campa\u00f1a de escraches es organizada desde el gobierno"},"content":{"rendered":"<p><span style=\"line-height: 1.3em;\">Respecto a los afiches y suplementos de la organizaci\u00f3n Unidos y Organizados, con nombres y fotos de los gerentes de distintas cadenas de supermercados y retails, la Diputada PRO Laura Alonso manifest\u00f3 su en\u00e9rgico rechazo y expres\u00f3: \u00abLa campa\u00f1a de escraches es organizada desde el gobierno para ocultar la mentira inflacionaria y su propia incompetencia para encontrar soluciones adecuadas a los problemas\u00bb.<\/span><span style=\"line-height: 1.3em;\">Alonso record\u00f3 que no es la primera vez que aliados del gobierno recurren a este tipo de pr\u00e1cticas que \u00abda\u00f1an al sistema democr\u00e1tico y atentan contra la paz y la convivencia democr\u00e1tica que debe reinar en toda sociedad civilizada\u00bb. Anteriormente, sus escraches se dirigieron a periodistas \u00abno alineados con el modelo\u00bb.<\/span><\/p>\n<p><span style=\"line-height: 1.3em;\">\u00abLos escraches son utilizados por agrupaciones kirchneristas (La C\u00e1mpora, Nuevo Encuentro, MILES de Luis D&#8217;El\u00eda, y otros) y con el visto bueno de funcionarios del Poder Ejecutivo Nacional, incluida la Presidente. Gobiernan sembrando el terror ya que no entienden la democracia. Cristina Kirchner instaur\u00f3 el gobierno del miedo que empieza a encontrar l\u00edmites. Afortunadamente, estas expresiones autoritarias tienen un impacto negativo en la sociedad que las ve con preocupaci\u00f3n y temor. Muchos pierden el miedo y empiezan a decir basta\u00bb, concluy\u00f3 Alonso.<\/span><\/p>\n","protected":false},"excerpt":{"rendered":"<p>Respecto a los afiches y suplementos de la organizaci\u00f3n Unidos y Organizados, con nombres y fotos de los gerentes de distintas cadenas de supermercados y retails, la Diputada PRO Laura Alonso manifest\u00f3 su en\u00e9rgico rechazo y expres\u00f3: \u00abLa campa\u00f1a de escraches es organizada desde el gobierno para ocultar la mentira inflacionaria y su propia incompetencia [&hellip;]<\/p>\n","protected":false},"author":2,"featured_media":22415,"comment_status":"open","ping_status":"open","sticky":false,"template":"","format":"standard","meta":{"_et_pb_use_builder":"","_et_pb_old_content":"","_et_gb_content_width":"","footnotes":""},"categories":[11,44],"tags":[],"class_list":["post-25613","post","type-post","status-publish","format-standard","has-post-thumbnail","hentry","category-ciudad","category-funcionarios-de-la-caba"],"_links":{"self":[{"href":"https:\/\/vocesdebaires.com.ar\/index.php\/wp-json\/wp\/v2\/posts\/25613"}],"collection":[{"href":"https:\/\/vocesdebaires.com.ar\/index.php\/wp-json\/wp\/v2\/posts"}],"about":[{"href":"https:\/\/vocesdebaires.com.ar\/index.php\/wp-json\/wp\/v2\/types\/post"}],"author":[{"embeddable":true,"href":"https:\/\/vocesdebaires.com.ar\/index.php\/wp-json\/wp\/v2\/users\/2"}],"replies":[{"embeddable":true,"href":"https:\/\/vocesdebaires.com.ar\/index.php\/wp-json\/wp\/v2\/comments?post=25613"}],"version-history":[{"count":0,"href":"https:\/\/vocesdebaires.com.ar\/index.php\/wp-json\/wp\/v2\/posts\/25613\/revisions"}],"wp:featuredmedia":[{"embeddable":true,"href":"https:\/\/vocesdebaires.com.ar\/index.php\/wp-json\/wp\/v2\/media\/22415"}],"wp:attachment":[{"href":"https:\/\/vocesdebaires.com.ar\/index.php\/wp-json\/wp\/v2\/media?parent=25613"}],"wp:term":[{"taxonomy":"category","embeddable":true,"href":"https:\/\/vocesdebaires.com.ar\/index.php\/wp-json\/wp\/v2\/categories?post=25613"},{"taxonomy":"post_tag","embeddable":true,"href":"https:\/\/vocesdebaires.com.ar\/index.php\/wp-json\/wp\/v2\/tags?post=25613"}],"curies":[{"name":"wp","href":"https:\/\/api.w.org\/{rel}","templated":true}]}}