{"id":25614,"date":"2014-02-12T12:43:15","date_gmt":"2014-02-12T15:43:15","guid":{"rendered":"http:\/\/vocesdebaires.com.ar\/wordpress\/index.php\/2014\/02\/12\/subtes-linea-h-macri-superviso-las-obras-de-ampliacion-2\/"},"modified":"2014-02-12T12:43:15","modified_gmt":"2014-02-12T15:43:15","slug":"subtes-linea-h-macri-superviso-las-obras-de-ampliacion-2","status":"publish","type":"post","link":"https:\/\/vocesdebaires.com.ar\/index.php\/2014\/02\/12\/subtes-linea-h-macri-superviso-las-obras-de-ampliacion-2\/","title":{"rendered":"Subtes L\u00ednea H: Macri supervis\u00f3 las obras de ampliaci\u00f3n"},"content":{"rendered":"<p><span style=\"line-height: 1.3em;\"> El jefe de Gobierno de la Ciudad de Buenos Aires, Mauricio Macri, recorri\u00f3 hoy la estaci\u00f3n Las Heras, que forma parte de la extensi\u00f3n norte de la L\u00ednea H de Subterr\u00e1neos, y afirm\u00f3 que la obra ser\u00e1 la m\u00e1s importante de los \u00faltimos 60 a\u00f1os para ese medio de transporte p\u00fablico.<\/span><span style=\"line-height: 1.3em;\"> \u201cA partir del a\u00f1o que viene, cuando se termine la L\u00ednea H, miles de vecinos podr\u00e1n viajar mejor, en coches nuevos, y hacer combinaciones con el resto de la red de subtes\u201d, sostuvo Macri al presentar el avance de los trabajos.<\/span><\/p>\n<p><span style=\"line-height: 1.3em;\"> Lo acompa\u00f1aron en la recorrida, la vicejefe de Gobierno, Mar\u00eda Eugenia Vidal; el jefe de Gabinete, Horacio Rodr\u00edguez Larreta, y el ministro de Desarrollo Urbano, Daniel Chain.<\/span><span style=\"line-height: 1.3em;\"> Macri felicit\u00f3 a los trabajadores y profesionales de la construcci\u00f3n del subte por el desarrollo de la obra y subray\u00f3 que \u201cpara nuestro gobierno es prioridad mejorar el transporte p\u00fablico\u201d.<\/span><span style=\"line-height: 1.3em;\"> \u201cTodos los argentinos tenemos que hacer nuestra parte para que las cosas vayan mejor y la gente viva cada vez mejor: Esa es la buena pol\u00edtica\u201d, dijo.<\/span><\/p>\n<p><span style=\"line-height: 1.3em;\"> Se\u00f1al\u00f3 que \u201cdentro de unos a\u00f1os, quienes disfruten de las obras del arroyo Maldonado, de los subtes y del Metrob\u00fas quiz\u00e1 no sepan nuestros nombres, pero lo verdaderamente importante es que todos colaboramos para que ellos tengan una mejor calidad de vida\u201d.<\/span><span style=\"line-height: 1.3em;\"> La l\u00ednea H, primera l\u00ednea que se construye en la Ciudad de Buenos Aires luego de 60 a\u00f1os, unir\u00e1 las cabeceras de Pompeya y Retiro, a lo largo de \u00a011,85 km. por debajo de las avenidas S\u00e1enz, Almafuerte, Caseros, Jujuy, Pueyrred\u00f3n y Del Libertador.<\/span><span style=\"line-height: 1.3em;\"> Permitir\u00e1 combinar con las l\u00edneas A, B, D y E, conectar\u00e1 con tres centros de transbordo de gran importancia: Pompeya, Retiro y Once, e integrar\u00e1 los barrios del norte y del sur.<\/span><\/p>\n<p>Beneficios de la L\u00ednea H<\/p>\n<p>\u2022 \u00a0 \u00a0 \u00a0 \u00a0Aproximadamente 270.000 vecinos van a vivir a menos de 6 cuadras de una de una estaci\u00f3n de la l\u00ednea.<\/p>\n<p>\u2022 \u00a0 \u00a0 \u00a0 \u00a0Casi 200.000 alumnos (primarios, secundarios y universitarios) van a poder ir a estudiar en subte.<\/p>\n<p>\u2022 \u00a0 \u00a0 \u00a0 \u00a0Va a mejorar el acceso a los Hospitales Garrahan, Cenareso, Franc\u00e9s, Ramos Mej\u00eda y Mu\u00f1iz, entre otros.<\/p>\n<p>\u2022 \u00a0 \u00a0 \u00a0 \u00a0Unir\u00e1 tres centros de trasbordo fundamentales con otro transporte p\u00fablico: Retiro (FFCC Belgrano Norte \u2013 Mitre \u2013 San Mart\u00edn), Once (FFCC Ex Sarmiento) y Pompeya (FFCC Belgrano Sur).<\/p>\n<p>\u2022 \u00a0 \u00a0 \u00a0 \u00a0Unir las cabeceras va a llevar aproximadamente 22 minutos.<\/p>\n","protected":false},"excerpt":{"rendered":"<p>El jefe de Gobierno de la Ciudad de Buenos Aires, Mauricio Macri, recorri\u00f3 hoy la estaci\u00f3n Las Heras, que forma parte de la extensi\u00f3n norte de la L\u00ednea H de Subterr\u00e1neos, y afirm\u00f3 que la obra ser\u00e1 la m\u00e1s importante de los \u00faltimos 60 a\u00f1os para ese medio de transporte p\u00fablico. \u201cA partir del a\u00f1o [&hellip;]<\/p>\n","protected":false},"author":2,"featured_media":22417,"comment_status":"open","ping_status":"open","sticky":false,"template":"","format":"standard","meta":{"_et_pb_use_builder":"","_et_pb_old_content":"","_et_gb_content_width":"","footnotes":""},"categories":[11,44],"tags":[],"class_list":["post-25614","post","type-post","status-publish","format-standard","has-post-thumbnail","hentry","category-ciudad","category-funcionarios-de-la-caba"],"_links":{"self":[{"href":"https:\/\/vocesdebaires.com.ar\/index.php\/wp-json\/wp\/v2\/posts\/25614"}],"collection":[{"href":"https:\/\/vocesdebaires.com.ar\/index.php\/wp-json\/wp\/v2\/posts"}],"about":[{"href":"https:\/\/vocesdebaires.com.ar\/index.php\/wp-json\/wp\/v2\/types\/post"}],"author":[{"embeddable":true,"href":"https:\/\/vocesdebaires.com.ar\/index.php\/wp-json\/wp\/v2\/users\/2"}],"replies":[{"embeddable":true,"href":"https:\/\/vocesdebaires.com.ar\/index.php\/wp-json\/wp\/v2\/comments?post=25614"}],"version-history":[{"count":0,"href":"https:\/\/vocesdebaires.com.ar\/index.php\/wp-json\/wp\/v2\/posts\/25614\/revisions"}],"wp:featuredmedia":[{"embeddable":true,"href":"https:\/\/vocesdebaires.com.ar\/index.php\/wp-json\/wp\/v2\/media\/22417"}],"wp:attachment":[{"href":"https:\/\/vocesdebaires.com.ar\/index.php\/wp-json\/wp\/v2\/media?parent=25614"}],"wp:term":[{"taxonomy":"category","embeddable":true,"href":"https:\/\/vocesdebaires.com.ar\/index.php\/wp-json\/wp\/v2\/categories?post=25614"},{"taxonomy":"post_tag","embeddable":true,"href":"https:\/\/vocesdebaires.com.ar\/index.php\/wp-json\/wp\/v2\/tags?post=25614"}],"curies":[{"name":"wp","href":"https:\/\/api.w.org\/{rel}","templated":true}]}}