{"id":2562,"date":"2020-10-07T03:00:00","date_gmt":"2020-10-07T06:00:00","guid":{"rendered":"http:\/\/vocesdebaires.com.ar\/wordpress\/index.php\/2020\/10\/07\/barrios-populares-y-las-nuevas-viviendas\/"},"modified":"2020-10-07T03:00:00","modified_gmt":"2020-10-07T06:00:00","slug":"barrios-populares-y-las-nuevas-viviendas","status":"publish","type":"post","link":"https:\/\/vocesdebaires.com.ar\/index.php\/2020\/10\/07\/barrios-populares-y-las-nuevas-viviendas\/","title":{"rendered":"Barrios populares y las nuevas viviendas"},"content":{"rendered":"<p>El Instituto de la Vivienda de la Ciudad del Ministerio formar parte del equipo de mudanzas del Barrio Fraga que, junto a sus vecinos y vecinas, trabaja la integraci\u00f3n del Barrio a la Ciudad. Los equipos de mudanza son quienes se encargan de coordinar la transici\u00f3n de una familia que emigra del \u201cmacizo\u201d a una vivienda nueva. La idea era mudar casi todos los meses pero en marzo eso se fren\u00f3 por la cuarentena. El Ministerio impulsa la integraci\u00f3n de los barrios populares de la Ciudad a partir de tres ejes principales: habitacional, urbano y socio-econ\u00f3mico. En los \u00faltimos cuatro a\u00f1os en el Barrio Fraga se construyeron 678 viviendas: 350 contin\u00faan en ejecuci\u00f3n y 217 familias ya se mudaron.<\/p>\n<p>Se trata de procesos de \u201cintegraci\u00f3n\u201d porque uno de los motores principales es reconocer la identidad cultural de cada uno de los barrios, sus or\u00edgenes latinoamericanos y a las personas que los habitan. El proceso de transformaci\u00f3n tiene que primero reconocer este potencial, ese valor, y luego, pensar c\u00f3mo potenciarlo. Este proceso de integraci\u00f3n tiene adem\u00e1s la particularidad de ser participativo: cada barrio cuenta con mesas activas con referentes barriales, organizaciones sociales y contrapartes de Gobierno; mesas de gesti\u00f3n con todos los vecinos del barrio y mesas por manzana. Gran parte de los trabajos que se realizan en los barrios son llevados adelante por los propios vecinos y vecinas, ya sea como trabajadores contratados por las empresas constructoras o a trav\u00e9s de cooperativas.<\/p>\n","protected":false},"excerpt":{"rendered":"<p>El Instituto de la Vivienda de la Ciudad del Ministerio formar parte del equipo de mudanzas del Barrio Fraga que, junto a sus vecinos y vecinas, trabaja la integraci\u00f3n del Barrio a la Ciudad. Los equipos de mudanza son quienes se encargan de coordinar la transici\u00f3n de una familia que emigra del \u201cmacizo\u201d a una [&hellip;]<\/p>\n","protected":false},"author":1,"featured_media":2563,"comment_status":"open","ping_status":"open","sticky":false,"template":"","format":"standard","meta":{"_et_pb_use_builder":"","_et_pb_old_content":"","_et_gb_content_width":"","footnotes":""},"categories":[11,32],"tags":[],"class_list":["post-2562","post","type-post","status-publish","format-standard","has-post-thumbnail","hentry","category-ciudad","category-comunas"],"_links":{"self":[{"href":"https:\/\/vocesdebaires.com.ar\/index.php\/wp-json\/wp\/v2\/posts\/2562"}],"collection":[{"href":"https:\/\/vocesdebaires.com.ar\/index.php\/wp-json\/wp\/v2\/posts"}],"about":[{"href":"https:\/\/vocesdebaires.com.ar\/index.php\/wp-json\/wp\/v2\/types\/post"}],"author":[{"embeddable":true,"href":"https:\/\/vocesdebaires.com.ar\/index.php\/wp-json\/wp\/v2\/users\/1"}],"replies":[{"embeddable":true,"href":"https:\/\/vocesdebaires.com.ar\/index.php\/wp-json\/wp\/v2\/comments?post=2562"}],"version-history":[{"count":0,"href":"https:\/\/vocesdebaires.com.ar\/index.php\/wp-json\/wp\/v2\/posts\/2562\/revisions"}],"wp:featuredmedia":[{"embeddable":true,"href":"https:\/\/vocesdebaires.com.ar\/index.php\/wp-json\/wp\/v2\/media\/2563"}],"wp:attachment":[{"href":"https:\/\/vocesdebaires.com.ar\/index.php\/wp-json\/wp\/v2\/media?parent=2562"}],"wp:term":[{"taxonomy":"category","embeddable":true,"href":"https:\/\/vocesdebaires.com.ar\/index.php\/wp-json\/wp\/v2\/categories?post=2562"},{"taxonomy":"post_tag","embeddable":true,"href":"https:\/\/vocesdebaires.com.ar\/index.php\/wp-json\/wp\/v2\/tags?post=2562"}],"curies":[{"name":"wp","href":"https:\/\/api.w.org\/{rel}","templated":true}]}}