{"id":25620,"date":"2014-02-12T21:01:04","date_gmt":"2014-02-13T00:01:04","guid":{"rendered":"http:\/\/vocesdebaires.com.ar\/wordpress\/index.php\/2014\/02\/12\/san-lorenzo-extendio-su-flojo-arranque-2\/"},"modified":"2014-02-12T21:01:04","modified_gmt":"2014-02-13T00:01:04","slug":"san-lorenzo-extendio-su-flojo-arranque-2","status":"publish","type":"post","link":"https:\/\/vocesdebaires.com.ar\/index.php\/2014\/02\/12\/san-lorenzo-extendio-su-flojo-arranque-2\/","title":{"rendered":"San Lorenzo extendi\u00f3 su flojo arranque"},"content":{"rendered":"<p><span style=\"line-height: 1.3em;\">Qued\u00f3 un sabor amargo. El plantel quer\u00eda que el viaje a R\u00edo de Janeiro fuese algo m\u00e1s que una visita guiada al renovado Maracan\u00e1. Pero, otra vez, San Lorenzo estuvo lejos de la versi\u00f3n que lo llev\u00f3 al t\u00edtulo en el Inicial. Fue 2-0 ante un limitado Botafogo, en el que el argentino Juan Carlos Ferreyra se retir\u00f3 ovacionado. Y el conjunto de Boedo, que no se achic\u00f3 ante el marco, se volvi\u00f3 a la Argentina con su segunda derrota consecutiva.<\/span><\/p>\n<p><span style=\"line-height: 1.3em;\">Algo qued\u00f3 claro en la previa: la Libertadores, que hasta ahora fue inalcanzable, es el reto del semestre. Por eso, Bauza apost\u00f3 a un mediocampo con tres jugadores de quite. Y la jugada rindi\u00f3 sus frutos, porque la defensa, reforzada por Mercier, Ortigoza y Kalinski, no mostr\u00f3 las graves fallas que la vienen atormentando desde el Inicial. Igual, el equipo tard\u00f3 media hora en acomodarse. Y, cuando finalmente lo logr\u00f3, ya era demasiado tarde. Es que, a los 29 minutos, Jorge Wagner remat\u00f3 desde afuera del \u00e1rea y un rebote en Mauro Cetto descoloc\u00f3 a Sebasti\u00e1n Torrico. El despeje largo cay\u00f3 en los pies del mendocino Ferreyra, que empuj\u00f3 la pelota para abrir el marcador.<\/span><span style=\"line-height: 1.3em;\">La desventaja impuls\u00f3 la recuperaci\u00f3n de San Lorenzo, que se adelant\u00f3 varios metros y se adue\u00f1\u00f3 del bal\u00f3n. No obstante, el Cicl\u00f3n nunca despert\u00f3. Hubo mucho toqueteo, buenas intenciones y nada m\u00e1s. Una de las ocasiones m\u00e1s claras para nivelar el resultado lleg\u00f3 a los 42 minutos: Nicol\u00e1s Blandi (sigue sin festejar en cotejos oficiales) aguant\u00f3 la marca en la medialuna y habilit\u00f3 a Angel Correa, cuyo disparo se fue desviado.<\/span><\/p>\n<p><span style=\"line-height: 1.3em;\">En esa sinton\u00eda continu\u00f3 el tr\u00e1mite durante gran parte de la segunda mitad. Ni siquiera logr\u00f3 desperezarlo la inclusi\u00f3n del Pipi Romagnoli, al que el Pat\u00f3n hab\u00eda dejado en el banco. No parec\u00eda que la noche carioca fuera a ofrecer otro regalo. Pero Wallyson sac\u00f3 un derechazo a los 6 minutos y entonces festej\u00f3 Botafogo, que est\u00e1 lejos de la pelea en su defensa del t\u00edtulo estadual de R\u00edo. <\/span><span style=\"line-height: 1.3em;\">No hubo Maracanazo. San Lorenzo regres\u00f3 con las fotos del templo del f\u00fatbol y con una preocupaci\u00f3n: la falta de gol. No convierte desde aquel 2-2 que estamp\u00f3 Nacho Piatti ante Rafaela. Pasaron ya 81 d\u00edas sin conquistas. No revirtieron la situaci\u00f3n las compras de Blandi y Matos, que anoche disput\u00f3 sus primeros 27 minutos con la casaca azulgrana. Encima, el equipo perdi\u00f3 el juego que lo elev\u00f3 en el Torneo Inicial. Y si a eso se le suma la deslucida actuaci\u00f3n en la sorpresiva derrota 2-0 ante Olimpo en Bah\u00eda Blanca, las preocupaciones empiezan a acumularse.<\/span><span style=\"line-height: 1.3em;\">Y es un Santo problema.<\/span><\/p>\n","protected":false},"excerpt":{"rendered":"<p>Qued\u00f3 un sabor amargo. El plantel quer\u00eda que el viaje a R\u00edo de Janeiro fuese algo m\u00e1s que una visita guiada al renovado Maracan\u00e1. Pero, otra vez, San Lorenzo estuvo lejos de la versi\u00f3n que lo llev\u00f3 al t\u00edtulo en el Inicial. Fue 2-0 ante un limitado Botafogo, en el que el argentino Juan Carlos [&hellip;]<\/p>\n","protected":false},"author":2,"featured_media":22428,"comment_status":"open","ping_status":"open","sticky":false,"template":"","format":"standard","meta":{"_et_pb_use_builder":"","_et_pb_old_content":"","_et_gb_content_width":"","footnotes":""},"categories":[14,50],"tags":[],"class_list":["post-25620","post","type-post","status-publish","format-standard","has-post-thumbnail","hentry","category-deportes","category-futbol-internacional-2"],"_links":{"self":[{"href":"https:\/\/vocesdebaires.com.ar\/index.php\/wp-json\/wp\/v2\/posts\/25620"}],"collection":[{"href":"https:\/\/vocesdebaires.com.ar\/index.php\/wp-json\/wp\/v2\/posts"}],"about":[{"href":"https:\/\/vocesdebaires.com.ar\/index.php\/wp-json\/wp\/v2\/types\/post"}],"author":[{"embeddable":true,"href":"https:\/\/vocesdebaires.com.ar\/index.php\/wp-json\/wp\/v2\/users\/2"}],"replies":[{"embeddable":true,"href":"https:\/\/vocesdebaires.com.ar\/index.php\/wp-json\/wp\/v2\/comments?post=25620"}],"version-history":[{"count":0,"href":"https:\/\/vocesdebaires.com.ar\/index.php\/wp-json\/wp\/v2\/posts\/25620\/revisions"}],"wp:featuredmedia":[{"embeddable":true,"href":"https:\/\/vocesdebaires.com.ar\/index.php\/wp-json\/wp\/v2\/media\/22428"}],"wp:attachment":[{"href":"https:\/\/vocesdebaires.com.ar\/index.php\/wp-json\/wp\/v2\/media?parent=25620"}],"wp:term":[{"taxonomy":"category","embeddable":true,"href":"https:\/\/vocesdebaires.com.ar\/index.php\/wp-json\/wp\/v2\/categories?post=25620"},{"taxonomy":"post_tag","embeddable":true,"href":"https:\/\/vocesdebaires.com.ar\/index.php\/wp-json\/wp\/v2\/tags?post=25620"}],"curies":[{"name":"wp","href":"https:\/\/api.w.org\/{rel}","templated":true}]}}