{"id":25628,"date":"2014-02-13T14:20:32","date_gmt":"2014-02-13T17:20:32","guid":{"rendered":"http:\/\/vocesdebaires.com.ar\/wordpress\/index.php\/2014\/02\/13\/ciudadlas-clases-comenzaran-el-5-de-marzo-2\/"},"modified":"2014-02-13T14:20:32","modified_gmt":"2014-02-13T17:20:32","slug":"ciudadlas-clases-comenzaran-el-5-de-marzo-2","status":"publish","type":"post","link":"https:\/\/vocesdebaires.com.ar\/index.php\/2014\/02\/13\/ciudadlas-clases-comenzaran-el-5-de-marzo-2\/","title":{"rendered":"Ciudad:Las clases  comenzar\u00e1n el 5 de marzo"},"content":{"rendered":"<p><span style=\"line-height: 1.3em;\">A pocos d\u00edas del inicio del ciclo lectivo 2014, el regreso de los chicos a las escuelas p\u00fablicas y privadas en Capital Federal cambi\u00f3 de fecha: ser\u00e1 el 5 de marzo, tras los feriados de carnaval, en vez del 26 de febrero, tal como estaba previsto en un principio. As\u00ed, la Ciudad coincidir\u00e1 en el inicio con la mayor\u00eda de las provincias del pa\u00eds.<\/span><span style=\"line-height: 1.3em;\">El acuerdo fue definido entre las autoridades del Ministerio de Educaci\u00f3n porte\u00f1o y los gremios docentes, que estuvieron reunidos ayer para avanzar con las negociaciones paritarias, aunque no se habl\u00f3 de porcentajes concretos de aumento. Esta postergaci\u00f3n, por ende, dar\u00e1 m\u00e1s d\u00edas para la discusi\u00f3n por haberes.<\/span><\/p>\n<p><span style=\"line-height: 1.3em;\">\u00bfC\u00f3mo se implementar\u00eda el nuevo calendario? El mi\u00e9rcoles 26, jueves 27 y viernes 28 de febrero, d\u00edas en que los chicos ten\u00edan que asistir a los establecimientos, quedar\u00e1n para las jornadas pedag\u00f3gicas de los docentes. En rigor, esos cursos se iban a realizar en el transcurso del a\u00f1o, por lo que ahora se estar\u00edan adelantando. As\u00ed las cosas, el regreso de los alumnos de nivel inicial y primario quedar\u00e1 reci\u00e9n para el mi\u00e9rcoles 5 de marzo, porque el lunes 3 y martes 4 son d\u00edas no laborables por los feriados de carnaval. El 6, en tanto, ser\u00e1 el turno del retorno de los estudiantes secundarios, quienes hist\u00f3ricamente siempre han arrancado unos d\u00edas m\u00e1s tarde.<\/span><\/p>\n<p><span style=\"line-height: 1.3em;\">Desde el Ministerio de Educaci\u00f3n porte\u00f1o, a cargo de Esteban Bullrich, aclararon que los chicos no perder\u00e1n d\u00edas de estudio y que cumplir\u00e1n con la meta planteada de 190 jornadas de clases.<\/span><span style=\"line-height: 1.3em;\">Los 17 gremios docentes estuvieron reunidos con las autoridades porte\u00f1as para comenzar a avanzar con las negociaciones salariales, aunque no se habl\u00f3 de porcentajes porque se aguarda por la decisi\u00f3n a nivel nacional. Antes de ingresar al encuentro, el titular de UTE, Eduardo L\u00f3pez, se mostr\u00f3 molesto con las declaraciones del ministro de Hacienda, N\u00e9stor Grindetti, quien dijo que las subas no ser\u00e1n superiores al 25%. \u201cMacri dice que la inflaci\u00f3n es mayor a 30%\u201d, retruc\u00f3 L\u00f3pez.<\/span><\/p>\n","protected":false},"excerpt":{"rendered":"<p>A pocos d\u00edas del inicio del ciclo lectivo 2014, el regreso de los chicos a las escuelas p\u00fablicas y privadas en Capital Federal cambi\u00f3 de fecha: ser\u00e1 el 5 de marzo, tras los feriados de carnaval, en vez del 26 de febrero, tal como estaba previsto en un principio. As\u00ed, la Ciudad coincidir\u00e1 en el [&hellip;]<\/p>\n","protected":false},"author":2,"featured_media":22445,"comment_status":"open","ping_status":"open","sticky":false,"template":"","format":"standard","meta":{"_et_pb_use_builder":"","_et_pb_old_content":"","_et_gb_content_width":"","footnotes":""},"categories":[11,44],"tags":[],"class_list":["post-25628","post","type-post","status-publish","format-standard","has-post-thumbnail","hentry","category-ciudad","category-funcionarios-de-la-caba"],"_links":{"self":[{"href":"https:\/\/vocesdebaires.com.ar\/index.php\/wp-json\/wp\/v2\/posts\/25628"}],"collection":[{"href":"https:\/\/vocesdebaires.com.ar\/index.php\/wp-json\/wp\/v2\/posts"}],"about":[{"href":"https:\/\/vocesdebaires.com.ar\/index.php\/wp-json\/wp\/v2\/types\/post"}],"author":[{"embeddable":true,"href":"https:\/\/vocesdebaires.com.ar\/index.php\/wp-json\/wp\/v2\/users\/2"}],"replies":[{"embeddable":true,"href":"https:\/\/vocesdebaires.com.ar\/index.php\/wp-json\/wp\/v2\/comments?post=25628"}],"version-history":[{"count":0,"href":"https:\/\/vocesdebaires.com.ar\/index.php\/wp-json\/wp\/v2\/posts\/25628\/revisions"}],"wp:featuredmedia":[{"embeddable":true,"href":"https:\/\/vocesdebaires.com.ar\/index.php\/wp-json\/wp\/v2\/media\/22445"}],"wp:attachment":[{"href":"https:\/\/vocesdebaires.com.ar\/index.php\/wp-json\/wp\/v2\/media?parent=25628"}],"wp:term":[{"taxonomy":"category","embeddable":true,"href":"https:\/\/vocesdebaires.com.ar\/index.php\/wp-json\/wp\/v2\/categories?post=25628"},{"taxonomy":"post_tag","embeddable":true,"href":"https:\/\/vocesdebaires.com.ar\/index.php\/wp-json\/wp\/v2\/tags?post=25628"}],"curies":[{"name":"wp","href":"https:\/\/api.w.org\/{rel}","templated":true}]}}