{"id":25636,"date":"2014-02-14T14:49:51","date_gmt":"2014-02-14T17:49:51","guid":{"rendered":"http:\/\/vocesdebaires.com.ar\/wordpress\/index.php\/2014\/02\/14\/un-amparo-freno-la-construccion-de-las-aulas-improvisadas-2\/"},"modified":"2014-02-14T14:49:51","modified_gmt":"2014-02-14T17:49:51","slug":"un-amparo-freno-la-construccion-de-las-aulas-improvisadas-2","status":"publish","type":"post","link":"https:\/\/vocesdebaires.com.ar\/index.php\/2014\/02\/14\/un-amparo-freno-la-construccion-de-las-aulas-improvisadas-2\/","title":{"rendered":"Un amparo fren\u00f3 la construcci\u00f3n de las aulas improvisadas"},"content":{"rendered":"<p><span style=\"line-height: 1.3em;\">La jueza Elena Liberatori, titular del Juzgado N\u00b0 4 en lo Contencioso, Administrativo y Tributario de la Ciudad, hizo lugar a una medida cautelar para que cese la construcci\u00f3n de aulas durlock en los pasillos del Instituto Bernasconi, por tratarse de un edificio que es monumento hist\u00f3rico nacional. En su fallo, la magistrada dispone \u201csuspender inmediatamente la realizaci\u00f3n de cualquier tipo de obra que no sea de mantenimiento y preservaci\u00f3n tanto material como de personas hasta tanto se dicte sentencia definitiva\u201d.<\/span><\/p>\n<p><span style=\"line-height: 1.3em;\">\u201cNo se pueden dictar clases y los alumnos no pueden aprender en esas condiciones porque el proceso se desvirt\u00faa en estas aulas pasillo\u201d, afirm\u00f3 la legisladora Virginia Gonz\u00e1lez Gass. La diputada, junto a un grupo de legisladores del interbloque UNEN, hab\u00eda interpuesto una acci\u00f3n de amparo y solicitado una medida de no innovar, invocando los decretos que proh\u00edben la \u201crefacci\u00f3n, restauraci\u00f3n, destrucci\u00f3n total o parcial de los bienes hist\u00f3ricos-art\u00edsticos sin intervenci\u00f3n y aprobaci\u00f3n de la Comisi\u00f3n Nacional de Museos y de Monumentos y Lugares Hist\u00f3ricos\u201d, algo que seg\u00fan averigu\u00f3 la legisladora no sucedi\u00f3. Tambi\u00e9n asegur\u00f3 que el organismo estudia incorporarse al amparo.<\/span><\/p>\n<p><span style=\"line-height: 1.3em;\">El conflicto explot\u00f3 esta semana cuando padres y docentes del Bernasconi informaron que para subsanar la falta de vacantes, que en ese establecimiento asciende a 120 ni\u00f1os que deben ingresar al jard\u00edn de infantes y a primer grado, el Gobierno porte\u00f1o inici\u00f3 la construcci\u00f3n de cuatro salas de durlock de 2,80 por 7 metros en los pasillos de la planta baja y del primer piso.<\/span><span style=\"line-height: 1.3em;\">La oposici\u00f3n porte\u00f1a confirm\u00f3 la convocatoria a una sesi\u00f3n especial en la Legislatura el 26 de febrero para debatir los proyectos que buscan dar una soluci\u00f3n al conflicto y quieren citar al ministro de Educaci\u00f3n, Esteban Bullrich.<\/span><\/p>\n","protected":false},"excerpt":{"rendered":"<p>La jueza Elena Liberatori, titular del Juzgado N\u00b0 4 en lo Contencioso, Administrativo y Tributario de la Ciudad, hizo lugar a una medida cautelar para que cese la construcci\u00f3n de aulas durlock en los pasillos del Instituto Bernasconi, por tratarse de un edificio que es monumento hist\u00f3rico nacional. En su fallo, la magistrada dispone \u201csuspender [&hellip;]<\/p>\n","protected":false},"author":2,"featured_media":22463,"comment_status":"open","ping_status":"open","sticky":false,"template":"","format":"standard","meta":{"_et_pb_use_builder":"","_et_pb_old_content":"","_et_gb_content_width":"","footnotes":""},"categories":[11,44],"tags":[],"class_list":["post-25636","post","type-post","status-publish","format-standard","has-post-thumbnail","hentry","category-ciudad","category-funcionarios-de-la-caba"],"_links":{"self":[{"href":"https:\/\/vocesdebaires.com.ar\/index.php\/wp-json\/wp\/v2\/posts\/25636"}],"collection":[{"href":"https:\/\/vocesdebaires.com.ar\/index.php\/wp-json\/wp\/v2\/posts"}],"about":[{"href":"https:\/\/vocesdebaires.com.ar\/index.php\/wp-json\/wp\/v2\/types\/post"}],"author":[{"embeddable":true,"href":"https:\/\/vocesdebaires.com.ar\/index.php\/wp-json\/wp\/v2\/users\/2"}],"replies":[{"embeddable":true,"href":"https:\/\/vocesdebaires.com.ar\/index.php\/wp-json\/wp\/v2\/comments?post=25636"}],"version-history":[{"count":0,"href":"https:\/\/vocesdebaires.com.ar\/index.php\/wp-json\/wp\/v2\/posts\/25636\/revisions"}],"wp:featuredmedia":[{"embeddable":true,"href":"https:\/\/vocesdebaires.com.ar\/index.php\/wp-json\/wp\/v2\/media\/22463"}],"wp:attachment":[{"href":"https:\/\/vocesdebaires.com.ar\/index.php\/wp-json\/wp\/v2\/media?parent=25636"}],"wp:term":[{"taxonomy":"category","embeddable":true,"href":"https:\/\/vocesdebaires.com.ar\/index.php\/wp-json\/wp\/v2\/categories?post=25636"},{"taxonomy":"post_tag","embeddable":true,"href":"https:\/\/vocesdebaires.com.ar\/index.php\/wp-json\/wp\/v2\/tags?post=25636"}],"curies":[{"name":"wp","href":"https:\/\/api.w.org\/{rel}","templated":true}]}}