{"id":25689,"date":"2014-02-27T11:44:17","date_gmt":"2014-02-27T14:44:17","guid":{"rendered":"http:\/\/vocesdebaires.com.ar\/wordpress\/index.php\/2014\/02\/27\/la-legislatura-debatio-sobre-la-inscripcion-on-line-2\/"},"modified":"2014-02-27T11:44:17","modified_gmt":"2014-02-27T14:44:17","slug":"la-legislatura-debatio-sobre-la-inscripcion-on-line-2","status":"publish","type":"post","link":"https:\/\/vocesdebaires.com.ar\/index.php\/2014\/02\/27\/la-legislatura-debatio-sobre-la-inscripcion-on-line-2\/","title":{"rendered":"La Legislatura debati\u00f3 sobre la inscripci\u00f3n on-line"},"content":{"rendered":"<p><span style=\"line-height: 1.3em;\">No se logr\u00f3 votar ninguna propuesta ya que la oposici\u00f3n no obtuvo los 40 votos reglamentarios para tratar el tema formalmente. Se aprob\u00f3 una declaraci\u00f3n de pesar por la muerte de Federico Westerkamp.<\/span><span style=\"line-height: 1.3em;\">La Legislatura de la Ciudad Aut\u00f3noma de Buenos Aires se reuni\u00f3 hoy en sesi\u00f3n extraordinaria citada en dos partes, una por la oposici\u00f3n y otra por el PRO. Durante la primera se propuso el tratamiento de \u00a0expedientes relacionados con la inscripci\u00f3n on-line en escuelas de gesti\u00f3n estatal y en la segunda un repudio a dichos de D El\u00eda y a la suspensi\u00f3n del Fiscal Juan Campagnoli.<\/span><\/p>\n<p><span style=\"line-height: 1.3em;\">Los expedientes relacionados con la inscripci\u00f3n on-line presentados por la oposici\u00f3n no fueron habilitados para su votaci\u00f3n porque no reunieron los 40 votos necesarios tratamiento sobre tablas. (Solo obtuvo 32 positivos y 27 en contra).<\/span><span style=\"line-height: 1.3em;\">La sesi\u00f3n que fue encabezada por el Vicepresidente Primero, diputado Cristian Ritondo (PRO), comenz\u00f3 a las 16:25 con la presencia de 55 diputados.<\/span><\/p>\n<p><span style=\"line-height: 1.3em;\">Debate<\/span><\/p>\n<p><span style=\"line-height: 1.3em;\">Los diputados de la oposici\u00f3n coincidieron al considerar que se vive una crisis en la educaci\u00f3n a ra\u00edz de la inscripci\u00f3n on-line y que \u00abentre 9000 y 10.000 chicos no tienen vacantes aseguradas para el 2014 en las escuelas p\u00fablicas porte\u00f1as, cerca de 4000 chicos van a tener que hacer hasta 40 cuadras para llegar al colegio y hermanos ir\u00e1n a distintas instituciones por una decisi\u00f3n tomada por el Gobierno porte\u00f1o\u00bb, afirmaron los diputados Graciela Oca\u00f1a (CP), Alejandro Bodart (MST) y Gustavo Vera (Verde Alameda), entre otros.<\/span><span style=\"line-height: 1.3em;\">Desde el PRO se aleg\u00f3 que \u00abnadie tiene el monopolio de la preocupaci\u00f3n por la educaci\u00f3n p\u00fablica\u00bb y se asegur\u00f3 que \u00aboportunamente el Ministro de Educaci\u00f3n, Esteban Bullrich, concurrir\u00e1 a la Legislatura para dar todas las explicaciones pertinentes.<\/span><\/p>\n<p><span style=\"line-height: 1.3em;\">La presencia de Bullrich para dar explicaciones acerca de la implementaci\u00f3n de la inscripci\u00f3n, fue reclamada por los diputados Pablo Ferreyra (IP), Hern\u00e1n Arce (PS) y Alejandro Bodart (MST). En tanto, la diputada del Frente para la Victoria Lorena Pokoik se refiri\u00f3 a ese funcionario y asegur\u00f3 que \u00abes una tarea dificil encontrarle soluciones a sus acciones\u00bb. Adem\u00e1s, agreg\u00f3 que con respecto al tema que se trat\u00f3 no deber\u00eda haber oposici\u00f3n ya que todos deben ser parte de la soluci\u00f3n y no del conflicto. Fueron expresadas tambi\u00e9n numerosas cr\u00edticas a las caracter\u00edsticas inadecuadas de la estructura de las \u00abaulas container\u00bb.<\/span><\/p>\n<p><span style=\"line-height: 1.3em;\">Por otro lado, los legisladores representantes de los distintos bloques opositores subrayaron otros argumentos como: \u00abel cierre de m\u00e1s de 100 cursos ocurrido anteriormente y la subejecuci\u00f3n presupuestaria en infraestructura escolar\u00bb, pormenoriz\u00f3 la diputada Virginia Gonz\u00e1lez Gass (PSA); \u00abp\u00e9sima implementaci\u00f3n de este sistema y esconde informaci\u00f3n y priva a los ni\u00f1os que tienen este derecho constitucional\u00bb, expres\u00f3 el diputado Hern\u00e1n Rossi (SUMA +). Tambi\u00e9n sumaron sus argumentos en el mismo sentido los diputados Marcelo Ramal (FIT), Maximiliano Ferraro (CC) y Jos\u00e9 Campagnoli (NE).<\/span><\/p>\n<p><span style=\"line-height: 1.3em;\">La presidenta del bloque PRO, diputada Carmen Polledo, afirm\u00f3 en respuesta a la oposici\u00f3n que \u00abel Ministro Bullrich dio su palabra y va a asistir a la Legislatura\u00bb y agreg\u00f3 que los diputados oficialistas \u00abest\u00e1n dispuestos a trabajar desde el bloque y desde la Comisi\u00f3n de la Educaci\u00f3n\u00bb, sobre la tem\u00e1tica en cuesti\u00f3n.<\/span><span style=\"line-height: 1.3em;\">\u00abNadie tiene el monopolio de la preocupaci\u00f3n por la educaci\u00f3n p\u00fablica de nuestros chicos, ni la oposici\u00f3n ni el oficialismo\u00bb, continu\u00f3 la legisladora y critic\u00f3 a los representates de los bloques opositores al decir que hablan \u00abs\u00f3lo desde lo ideol\u00f3gico para lograr aplausos f\u00e1ciles\u00bb. Luego elogi\u00f3 una serie de pol\u00edticas p\u00fablicas: \u00abaumento de la demanda escolar gracias a la recuperaci\u00f3n del sistema estatal logrado por este gobierno y que sald\u00f3 deudas hist\u00f3ricas en educaci\u00f3n\u00bb; se cubre el 100% de las vacantes en las salas de 4 y 5 a\u00f1os, y el 85% de las salas de 3 a\u00f1os, \u00fanica jurisdicci\u00f3n que llega a este nivel\u00bb.<\/span><\/p>\n<p><span style=\"line-height: 1.3em;\">\u00abSon maliciosas las calificaciones de containers\u00bb, continu\u00f3 Polledo y detall\u00f3 a continuaci\u00f3n objetivos planteados para 2014: \u00abser\u00e1n inauguradas 18 nuevas escuelas con 4100 vacantes y 1000 nuevos cargos docentes\u00bb. <\/span><span style=\"line-height: 1.3em;\">En defensa de la gesti\u00f3n del gobierno, la diputada Karina Spalla (PRO) explic\u00f3 las caracter\u00edsticas estructurales de las llamadas aulas \u00abcontainers\u00bb e hizo un repaso de las construcciones exitosas de ese tipo que hubo en la Ciudad. Tambi\u00e9n asegur\u00f3 que \u00ab2000 chicos tendr\u00e1n nuevas vacantes con la implementaci\u00f3n de estas aulas\u00bb. Luego, la diputada Diana Mart\u00ednez Barrios (PRO) expres\u00f3 que \u00abla demanda en todo el pa\u00eds de vacantes para escuelas p\u00fablicas ha disminuido y ha aumentado para escuelas privadas, excepto en la ciudad de Buenos Aires que ocurri\u00f3 lo contrario\u00bb. <\/span><\/p>\n<p><span style=\"line-height: 1.3em;\">Condolencias <\/span><\/p>\n<p><span style=\"line-height: 1.3em;\">Por otra parte, por unanimidad la Legislatura aprob\u00f3 una declaraci\u00f3n de pesar por el fallecimiento de Federico Westerkamp, a quien calific\u00f3 como \u00abun luchador de los derechos humanos\u00bb. El cient\u00edfico de 96 a\u00f1os fue uno de los fundadores del Centro de Estudios Legales y Sociales (Cels) y de la Asamblea Permanente por los Derechos Humanos (APDH). El proyecto fue presentado por el diputado Juan Carlos Dante Gullo (FpV)<\/span><\/p>\n","protected":false},"excerpt":{"rendered":"<p>No se logr\u00f3 votar ninguna propuesta ya que la oposici\u00f3n no obtuvo los 40 votos reglamentarios para tratar el tema formalmente. Se aprob\u00f3 una declaraci\u00f3n de pesar por la muerte de Federico Westerkamp.La Legislatura de la Ciudad Aut\u00f3noma de Buenos Aires se reuni\u00f3 hoy en sesi\u00f3n extraordinaria citada en dos partes, una por la oposici\u00f3n [&hellip;]<\/p>\n","protected":false},"author":2,"featured_media":22563,"comment_status":"open","ping_status":"open","sticky":false,"template":"","format":"standard","meta":{"_et_pb_use_builder":"","_et_pb_old_content":"","_et_gb_content_width":"","footnotes":""},"categories":[11,44],"tags":[],"class_list":["post-25689","post","type-post","status-publish","format-standard","has-post-thumbnail","hentry","category-ciudad","category-funcionarios-de-la-caba"],"_links":{"self":[{"href":"https:\/\/vocesdebaires.com.ar\/index.php\/wp-json\/wp\/v2\/posts\/25689"}],"collection":[{"href":"https:\/\/vocesdebaires.com.ar\/index.php\/wp-json\/wp\/v2\/posts"}],"about":[{"href":"https:\/\/vocesdebaires.com.ar\/index.php\/wp-json\/wp\/v2\/types\/post"}],"author":[{"embeddable":true,"href":"https:\/\/vocesdebaires.com.ar\/index.php\/wp-json\/wp\/v2\/users\/2"}],"replies":[{"embeddable":true,"href":"https:\/\/vocesdebaires.com.ar\/index.php\/wp-json\/wp\/v2\/comments?post=25689"}],"version-history":[{"count":0,"href":"https:\/\/vocesdebaires.com.ar\/index.php\/wp-json\/wp\/v2\/posts\/25689\/revisions"}],"wp:featuredmedia":[{"embeddable":true,"href":"https:\/\/vocesdebaires.com.ar\/index.php\/wp-json\/wp\/v2\/media\/22563"}],"wp:attachment":[{"href":"https:\/\/vocesdebaires.com.ar\/index.php\/wp-json\/wp\/v2\/media?parent=25689"}],"wp:term":[{"taxonomy":"category","embeddable":true,"href":"https:\/\/vocesdebaires.com.ar\/index.php\/wp-json\/wp\/v2\/categories?post=25689"},{"taxonomy":"post_tag","embeddable":true,"href":"https:\/\/vocesdebaires.com.ar\/index.php\/wp-json\/wp\/v2\/tags?post=25689"}],"curies":[{"name":"wp","href":"https:\/\/api.w.org\/{rel}","templated":true}]}}