{"id":25690,"date":"2014-02-27T11:59:16","date_gmt":"2014-02-27T14:59:16","guid":{"rendered":"http:\/\/vocesdebaires.com.ar\/wordpress\/index.php\/2014\/02\/27\/sesion-extraordinaria-en-la-legislatura-2\/"},"modified":"2014-02-27T11:59:16","modified_gmt":"2014-02-27T14:59:16","slug":"sesion-extraordinaria-en-la-legislatura-2","status":"publish","type":"post","link":"https:\/\/vocesdebaires.com.ar\/index.php\/2014\/02\/27\/sesion-extraordinaria-en-la-legislatura-2\/","title":{"rendered":"Sesi\u00f3n extraordinaria en la legislatura"},"content":{"rendered":"<p>La presidenta del bloque PRO, diputada Carmen Polledo, afirm\u00f3 en respuesta a la oposici\u00f3n que \u00abel Ministro Bullrich dio su palabra y va a asistir a la Legislatura\u00bb y agreg\u00f3 que los diputados oficialistas \u00abest\u00e1n dispuestos a trabajar desde el bloque y desde la Comisi\u00f3n de la Educaci\u00f3n\u00bb, sobre la tem\u00e1tica en cuesti\u00f3n.<\/p>\n<p>\u00abNadie tiene el monopolio de la preocupaci\u00f3n por la educaci\u00f3n p\u00fablica de nuestros chicos, ni la oposici\u00f3n ni el oficialismo\u00bb, continu\u00f3 la legisladora y critic\u00f3 a los representates de los bloques opositores al decir que hablan \u00abs\u00f3lo desde lo ideol\u00f3gico para lograr aplausos f\u00e1ciles\u00bb. Luego elogi\u00f3 una serie de pol\u00edticas p\u00fablicas: \u00abaumento de la demanda escolar gracias a la recuperaci\u00f3n del sistema estatal logrado por este gobierno y que sald\u00f3 deudas hist\u00f3ricas en educaci\u00f3n\u00bb; se cubre el 100% de las vacantes en las salas de 4 y 5 a\u00f1os, y el 85% de las salas de 3 a\u00f1os, \u00fanica jurisdicci\u00f3n que llega a este nivel\u00bb.<\/p>\n<p>\u00abSon maliciosas las calificaciones de containers\u00bb, continu\u00f3 Polledo y detall\u00f3 a continuaci\u00f3n objetivos planteados para 2014: \u00abser\u00e1n inauguradas 18 nuevas escuelas con 4100 vacantes y 1000 nuevos cargos docentes\u00bb.<\/p>\n<p>En defensa de la gesti\u00f3n del gobierno, la diputada Karina Spalla (PRO) explic\u00f3 las caracter\u00edsticas estructurales de las llamadas aulas \u00abcontainers\u00bb e hizo un repaso de las construcciones exitosas de ese tipo que hubo en la Ciudad. Tambi\u00e9n asegur\u00f3 que \u00ab2000 chicos tendran nuevas vacantes con la implementaci\u00f3n de estas aulas\u00bb. Luego, la diputada Diana Mart\u00ednez Barrios (PRO) expres\u00f3 que \u00abla demanda en todo el pa\u00eds de vacantes para escuelas p\u00fablicas ha disminuido y ha aumentado para escuelas privadas, excepto en la ciudad de Buenos Aires que ocurri\u00f3 lo contrario\u00bb.<\/p>\n","protected":false},"excerpt":{"rendered":"<p>La presidenta del bloque PRO, diputada Carmen Polledo, afirm\u00f3 en respuesta a la oposici\u00f3n que \u00abel Ministro Bullrich dio su palabra y va a asistir a la Legislatura\u00bb y agreg\u00f3 que los diputados oficialistas \u00abest\u00e1n dispuestos a trabajar desde el bloque y desde la Comisi\u00f3n de la Educaci\u00f3n\u00bb, sobre la tem\u00e1tica en cuesti\u00f3n. \u00abNadie tiene [&hellip;]<\/p>\n","protected":false},"author":2,"featured_media":22565,"comment_status":"open","ping_status":"open","sticky":false,"template":"","format":"standard","meta":{"_et_pb_use_builder":"","_et_pb_old_content":"","_et_gb_content_width":"","footnotes":""},"categories":[11,44],"tags":[],"class_list":["post-25690","post","type-post","status-publish","format-standard","has-post-thumbnail","hentry","category-ciudad","category-funcionarios-de-la-caba"],"_links":{"self":[{"href":"https:\/\/vocesdebaires.com.ar\/index.php\/wp-json\/wp\/v2\/posts\/25690"}],"collection":[{"href":"https:\/\/vocesdebaires.com.ar\/index.php\/wp-json\/wp\/v2\/posts"}],"about":[{"href":"https:\/\/vocesdebaires.com.ar\/index.php\/wp-json\/wp\/v2\/types\/post"}],"author":[{"embeddable":true,"href":"https:\/\/vocesdebaires.com.ar\/index.php\/wp-json\/wp\/v2\/users\/2"}],"replies":[{"embeddable":true,"href":"https:\/\/vocesdebaires.com.ar\/index.php\/wp-json\/wp\/v2\/comments?post=25690"}],"version-history":[{"count":0,"href":"https:\/\/vocesdebaires.com.ar\/index.php\/wp-json\/wp\/v2\/posts\/25690\/revisions"}],"wp:featuredmedia":[{"embeddable":true,"href":"https:\/\/vocesdebaires.com.ar\/index.php\/wp-json\/wp\/v2\/media\/22565"}],"wp:attachment":[{"href":"https:\/\/vocesdebaires.com.ar\/index.php\/wp-json\/wp\/v2\/media?parent=25690"}],"wp:term":[{"taxonomy":"category","embeddable":true,"href":"https:\/\/vocesdebaires.com.ar\/index.php\/wp-json\/wp\/v2\/categories?post=25690"},{"taxonomy":"post_tag","embeddable":true,"href":"https:\/\/vocesdebaires.com.ar\/index.php\/wp-json\/wp\/v2\/tags?post=25690"}],"curies":[{"name":"wp","href":"https:\/\/api.w.org\/{rel}","templated":true}]}}