{"id":25694,"date":"2014-02-27T12:59:55","date_gmt":"2014-02-27T15:59:55","guid":{"rendered":"http:\/\/vocesdebaires.com.ar\/wordpress\/index.php\/2014\/02\/27\/segunda-sesion-extraordinaria-2\/"},"modified":"2014-02-27T12:59:55","modified_gmt":"2014-02-27T15:59:55","slug":"segunda-sesion-extraordinaria-2","status":"publish","type":"post","link":"https:\/\/vocesdebaires.com.ar\/index.php\/2014\/02\/27\/segunda-sesion-extraordinaria-2\/","title":{"rendered":"Segunda Sesi\u00f3n Extraordinaria"},"content":{"rendered":"<p>La Legislatura de la Ciudad Aut\u00f3noma de Buenos Aires expres\u00f3 noche su repudio por los dichos del dirigente Luis D El\u00eda en los que solicitara el fusilamiento del dirigente opositor venezolano Leopoldo L\u00f3pez y declar\u00f3 su preocupaci\u00f3n por la suspensi\u00f3n impuesta sobre el fiscal Jos\u00e9 Mar\u00eda Campagnoli por el Jurado de Enjuiciamiento del Ministerio P\u00fablico Fiscal de la Naci\u00f3n.<span style=\"line-height: 1.3em;\">La Sesi\u00f3n Extraordinaria sigui\u00f3 a la deliberaci\u00f3n en torno a los expedientes relacionados con la inscripci\u00f3n on-line en escuelas de gesti\u00f3n estatal de la Ciudad de Buenos Aires que concluy\u00f3 poco antes de las 21 horas.<\/span><\/p>\n<p>Convocada mediante el Decreto N\u00ba 068-PSP-2014 del lunes 24, la segunda Sesi\u00f3n Extraordinaria que tambi\u00e9n se desarroll\u00f3 este mi\u00e9rcoles trat\u00f3 los expedientes 3097-D-13, 3098-D-13 y 3101-D-13, de Declaraci\u00f3n: Repudio a los dichos del dirigente Luis D Elia presentados por la diputada Mar\u00eda Cecilia de la Torre y sus pares Juan Pablo Arenaza (PRO) y Hern\u00e1n Rossi (SUMA +); y los expedientes 2998-D-13 y 3000-D-13, de Declaraci\u00f3n: suspensi\u00f3n del Fiscal Juan Campagnoli iniciados por las diputadas Graciela Oca\u00f1a (CP) y Paula Oliveto (CC).<\/p>\n<p>Sobre textos consensuados, las declaraciones aprobadas con la ausencia en el Recinto de los legisladores del interbloque que encabeza el Frente para la Victoria, textualmente dicen:<span style=\"line-height: 1.3em;\">\u00abLa Legislatura expresa su repudio a los dichos del dirigente Luis D Elia referidos al pedido de fusilamiento del dirigente opositor venezolano Leopoldo L\u00f3pez que se encuentra privado de su libertad por el Gobierno de Venezuela. Asimismo, este Cuerpo manifiesta su rechazo a la incitaci\u00f3n a la violencia y ratifica la defensa de los Derechos Humanos de todas las personas sin distinci\u00f3n de su condici\u00f3n pol\u00edtica.\u00bb<\/span><span style=\"line-height: 1.3em;\">\u00abLa Legislatura expresa su preocupaci\u00f3n por la suspensi\u00f3n, sin respetarse las garantias del debido proceso, impuesta al Fiscal Jos\u00e9 Mar\u00eda Campagnoli, por el Jurado de Enjuiciamiento del Ministerio P\u00fablico Fiscal de la Naci\u00f3n. Asimismo, manifiesta su rechazo al traslado del personal que prestaba servicios en la Fiscal\u00eda de Saavedra-N\u00fa\u00f1ez y en la Unidad Fiscal de investigaci\u00f3n de delitos con autor desconocido.\u00bb<\/span><\/p>\n<p>La Sesi\u00f3n Extraordinaria fue habilitada tras un brev\u00edsimo cuarto intermedio solicitado al efecto por el diputado Alejandro Garc\u00eda (PRO) en el transcurso del tratamiento de los expedientes relacionados con la inscripci\u00f3n on-line en escuelas de gesti\u00f3n estatal de la Ciudad de Buenos Aires. Una vez concluido aquel debate, a las 20:43, mientras los integrantes del interbloque que lidera el Frente para la Victoria dejaban sus bancas, el PRO y el resto de la oposici\u00f3n que permaneci\u00f3 en sus lugares habilit\u00f3 la consideraci\u00f3n de los expedientes cuyos textos consensuados fueron leidos por Secretar\u00eda Parlamentaria.<\/p>\n<p>En la intervenci\u00f3n desde su banca, el Vicepresidente 1\u00ba de la Legislatura Cristian Ritondo (PRO) manifest\u00f3 que \u00abante la preocupante situaci\u00f3n que se vive en Venezuela y la falta de garant\u00edas institucionales del gobierno del presidente Nicol\u00e1s Maduro, un grupo de residentes venezolanos en Argentina pidieron colaboraci\u00f3n internacional en una reuni\u00f3n que mantuvimos esta tarde junto con la diputada presidenta del bloque, Carmen Polledo, en el Sal\u00f3n Eva Per\u00f3n\u00bb. \u00abNo queremos vernos en el espejo de la Venezuela de Maduro\u00bb, enfatiz\u00f3 Ritondo.<span style=\"line-height: 1.3em;\">Tras el debate del primer asunto, a las 22:19 horas, se concret\u00f3 la aprobaci\u00f3n, el voto negativo del diputado Alejandro Bodart (MST) y las abstenciones de Marcelo Ramal (FIP) y Javier Gentilini (PSur). En tanto, al momento de votar el segundo tema se abstuvieron Marcelo Ramal (FIP) y Graciela Oca\u00f1a (CP). La Sesi\u00f3n concluy\u00f3 a las 22:40 horas. \u00a0 \u00a0 \u00a0\u00a0<img decoding=\"async\" src=\"images\/stories\/001 graciela ocaa.jpg\" border=\"0\" align=\"right\" \/><\/span><\/p>\n","protected":false},"excerpt":{"rendered":"<p>La Legislatura de la Ciudad Aut\u00f3noma de Buenos Aires expres\u00f3 noche su repudio por los dichos del dirigente Luis D El\u00eda en los que solicitara el fusilamiento del dirigente opositor venezolano Leopoldo L\u00f3pez y declar\u00f3 su preocupaci\u00f3n por la suspensi\u00f3n impuesta sobre el fiscal Jos\u00e9 Mar\u00eda Campagnoli por el Jurado de Enjuiciamiento del Ministerio P\u00fablico [&hellip;]<\/p>\n","protected":false},"author":2,"featured_media":22573,"comment_status":"open","ping_status":"open","sticky":false,"template":"","format":"standard","meta":{"_et_pb_use_builder":"","_et_pb_old_content":"","_et_gb_content_width":"","footnotes":""},"categories":[11,44],"tags":[],"class_list":["post-25694","post","type-post","status-publish","format-standard","has-post-thumbnail","hentry","category-ciudad","category-funcionarios-de-la-caba"],"_links":{"self":[{"href":"https:\/\/vocesdebaires.com.ar\/index.php\/wp-json\/wp\/v2\/posts\/25694"}],"collection":[{"href":"https:\/\/vocesdebaires.com.ar\/index.php\/wp-json\/wp\/v2\/posts"}],"about":[{"href":"https:\/\/vocesdebaires.com.ar\/index.php\/wp-json\/wp\/v2\/types\/post"}],"author":[{"embeddable":true,"href":"https:\/\/vocesdebaires.com.ar\/index.php\/wp-json\/wp\/v2\/users\/2"}],"replies":[{"embeddable":true,"href":"https:\/\/vocesdebaires.com.ar\/index.php\/wp-json\/wp\/v2\/comments?post=25694"}],"version-history":[{"count":0,"href":"https:\/\/vocesdebaires.com.ar\/index.php\/wp-json\/wp\/v2\/posts\/25694\/revisions"}],"wp:featuredmedia":[{"embeddable":true,"href":"https:\/\/vocesdebaires.com.ar\/index.php\/wp-json\/wp\/v2\/media\/22573"}],"wp:attachment":[{"href":"https:\/\/vocesdebaires.com.ar\/index.php\/wp-json\/wp\/v2\/media?parent=25694"}],"wp:term":[{"taxonomy":"category","embeddable":true,"href":"https:\/\/vocesdebaires.com.ar\/index.php\/wp-json\/wp\/v2\/categories?post=25694"},{"taxonomy":"post_tag","embeddable":true,"href":"https:\/\/vocesdebaires.com.ar\/index.php\/wp-json\/wp\/v2\/tags?post=25694"}],"curies":[{"name":"wp","href":"https:\/\/api.w.org\/{rel}","templated":true}]}}