{"id":25699,"date":"2014-02-28T14:16:06","date_gmt":"2014-02-28T17:16:06","guid":{"rendered":"http:\/\/vocesdebaires.com.ar\/wordpress\/index.php\/2014\/02\/28\/inauguracion-del-xvii-periodo-de-sesiones-ordinarias-2\/"},"modified":"2014-02-28T14:16:06","modified_gmt":"2014-02-28T17:16:06","slug":"inauguracion-del-xvii-periodo-de-sesiones-ordinarias-2","status":"publish","type":"post","link":"https:\/\/vocesdebaires.com.ar\/index.php\/2014\/02\/28\/inauguracion-del-xvii-periodo-de-sesiones-ordinarias-2\/","title":{"rendered":"inauguraci\u00f3n del XVII per\u00edodo de Sesiones Ordinarias"},"content":{"rendered":"<p><span style=\"line-height: 1.3em;\">La legisladora porte\u00f1as <\/span><span style=\"line-height: 1.3em;\">Victoria Morales Gorleri, <\/span><span style=\"line-height: 1.3em;\"> dijo al finalizar la apertura de la primera sesion ordinaria a cargo del ing. Macri . \u201cEs un orgullo ser parte de un gobierno que hace de la educaci\u00f3n una pol\u00edtica de estado\u201d<\/span><\/p>\n<p>La presidenta de la comisi\u00f3n de Educaci\u00f3n, Ciencia y Tecnolog\u00eda, Victoria Morales Gorleri, celebr\u00f3 hoy los dichos del jefe de Gobierno de la Ciudad de Buenos Aires, Mauricio Macri, en la apertura de sesiones ordinarias de la Legislatura porte\u00f1a respecto del compromiso y desaf\u00edo de hacer de la Educaci\u00f3n una pol\u00edtica de Estado.\u201dLa gesti\u00f3n de Mauricio siempre alent\u00f3 e impuls\u00f3 la mejora permanente de la educaci\u00f3n mediante nuevas acciones. La educaci\u00f3n ha sido, sin lugar a dudas, uno de los ejes centrales de las pol\u00edticas de este gobierno y lo seguir\u00e1 siendo\u201d, asegur\u00f3 la legisladora.<\/p>\n<p>En consonancia al pedido del Jefe de Gobierno sobre evitar politizar la educaci\u00f3n, Morales Gorleri invit\u00f3 a los diputados miembros de la comisi\u00f3n de Educaci\u00f3n a tener este a\u00f1o un debate serio y transparente con la mirada puesta en la escuela y poniendo el foco en la calidad educativa: \u201cNuestro gran desaf\u00edo es volver a poner en debate \u00a0la creaci\u00f3n del Instituto de Calidad y Equidad Educativa\u201d, expres\u00f3 Morales Gorleri.<\/p>\n<p>\u201cEs un orgullo ser parte de un gobierno que hace de la educaci\u00f3n una pol\u00edtica de estado, que tiene el coraje de enfrentarse a la vieja pol\u00edtica con el objetivo de mejorar la educaci\u00f3n p\u00fablica y de calidad para todos\u201d, manifest\u00f3 la legisladora.<span style=\"line-height: 1.3em;\">Y concluy\u00f3: \u201cEs evidente que la prioridad de Mauricio Macri y toda nuestra gesti\u00f3n est\u00e1 la educaci\u00f3n: el crecimiento en la matr\u00edcula de gesti\u00f3n estatal, la transparencia que se logr\u00f3 con la inscripci\u00f3n online, ingl\u00e9s desde primer grado, computadora por alumnos, entre otras innumerables mejoras, as\u00ed lo demuestran\u201d.<\/span><\/p>\n","protected":false},"excerpt":{"rendered":"<p>La legisladora porte\u00f1as Victoria Morales Gorleri, dijo al finalizar la apertura de la primera sesion ordinaria a cargo del ing. Macri . \u201cEs un orgullo ser parte de un gobierno que hace de la educaci\u00f3n una pol\u00edtica de estado\u201d La presidenta de la comisi\u00f3n de Educaci\u00f3n, Ciencia y Tecnolog\u00eda, Victoria Morales Gorleri, celebr\u00f3 hoy los [&hellip;]<\/p>\n","protected":false},"author":2,"featured_media":22583,"comment_status":"open","ping_status":"open","sticky":false,"template":"","format":"standard","meta":{"_et_pb_use_builder":"","_et_pb_old_content":"","_et_gb_content_width":"","footnotes":""},"categories":[11,44],"tags":[],"class_list":["post-25699","post","type-post","status-publish","format-standard","has-post-thumbnail","hentry","category-ciudad","category-funcionarios-de-la-caba"],"_links":{"self":[{"href":"https:\/\/vocesdebaires.com.ar\/index.php\/wp-json\/wp\/v2\/posts\/25699"}],"collection":[{"href":"https:\/\/vocesdebaires.com.ar\/index.php\/wp-json\/wp\/v2\/posts"}],"about":[{"href":"https:\/\/vocesdebaires.com.ar\/index.php\/wp-json\/wp\/v2\/types\/post"}],"author":[{"embeddable":true,"href":"https:\/\/vocesdebaires.com.ar\/index.php\/wp-json\/wp\/v2\/users\/2"}],"replies":[{"embeddable":true,"href":"https:\/\/vocesdebaires.com.ar\/index.php\/wp-json\/wp\/v2\/comments?post=25699"}],"version-history":[{"count":0,"href":"https:\/\/vocesdebaires.com.ar\/index.php\/wp-json\/wp\/v2\/posts\/25699\/revisions"}],"wp:featuredmedia":[{"embeddable":true,"href":"https:\/\/vocesdebaires.com.ar\/index.php\/wp-json\/wp\/v2\/media\/22583"}],"wp:attachment":[{"href":"https:\/\/vocesdebaires.com.ar\/index.php\/wp-json\/wp\/v2\/media?parent=25699"}],"wp:term":[{"taxonomy":"category","embeddable":true,"href":"https:\/\/vocesdebaires.com.ar\/index.php\/wp-json\/wp\/v2\/categories?post=25699"},{"taxonomy":"post_tag","embeddable":true,"href":"https:\/\/vocesdebaires.com.ar\/index.php\/wp-json\/wp\/v2\/tags?post=25699"}],"curies":[{"name":"wp","href":"https:\/\/api.w.org\/{rel}","templated":true}]}}