{"id":25700,"date":"2014-02-28T14:31:15","date_gmt":"2014-02-28T17:31:15","guid":{"rendered":"http:\/\/vocesdebaires.com.ar\/wordpress\/index.php\/2014\/02\/28\/bodart-y-el-cartel-ni-un-pibe-sin-vacante-2\/"},"modified":"2014-02-28T14:31:15","modified_gmt":"2014-02-28T17:31:15","slug":"bodart-y-el-cartel-ni-un-pibe-sin-vacante-2","status":"publish","type":"post","link":"https:\/\/vocesdebaires.com.ar\/index.php\/2014\/02\/28\/bodart-y-el-cartel-ni-un-pibe-sin-vacante-2\/","title":{"rendered":"Bodart: Y el  cartel, \u00abNi un pibe sin vacante\u00bb"},"content":{"rendered":"<p><span style=\"line-height: 1.3em;\">En la apertura de sesiones de la Legislatura porte\u00f1a, cuando el jefe de gobierno comenz\u00f3 a hablar sobre educaci\u00f3n, el legislador Alejandro Bodart (MST-Nueva Izquierda) levant\u00f3 un cartel con la leyenda \u00abMacri: ni un pibe sin vacante\u00bb.<\/span><\/p>\n<p>Al salir del acto, Bodart afirm\u00f3: \u00abMacri insisti\u00f3 en postularse a presidente, mientras en la Ciudad ajusta todo lo p\u00fablico. Su &#8216;ciudad verde&#8217; es m\u00e1s cemento, su &#8216;transporte sustentable&#8217; es subte m\u00e1s caro, su &#8216;mejor educaci\u00f3n y salud&#8217; deja chicos sin vacante y m\u00e9dicos sin trabajo, y sus &#8216;cr\u00e9ditos primera casa&#8217; no cubren ni el uno por ciento del d\u00e9ficit de vivienda.\u00bb<\/p>\n","protected":false},"excerpt":{"rendered":"<p>En la apertura de sesiones de la Legislatura porte\u00f1a, cuando el jefe de gobierno comenz\u00f3 a hablar sobre educaci\u00f3n, el legislador Alejandro Bodart (MST-Nueva Izquierda) levant\u00f3 un cartel con la leyenda \u00abMacri: ni un pibe sin vacante\u00bb. Al salir del acto, Bodart afirm\u00f3: \u00abMacri insisti\u00f3 en postularse a presidente, mientras en la Ciudad ajusta todo [&hellip;]<\/p>\n","protected":false},"author":2,"featured_media":22585,"comment_status":"open","ping_status":"open","sticky":false,"template":"","format":"standard","meta":{"_et_pb_use_builder":"","_et_pb_old_content":"","_et_gb_content_width":"","footnotes":""},"categories":[11,44],"tags":[],"class_list":["post-25700","post","type-post","status-publish","format-standard","has-post-thumbnail","hentry","category-ciudad","category-funcionarios-de-la-caba"],"_links":{"self":[{"href":"https:\/\/vocesdebaires.com.ar\/index.php\/wp-json\/wp\/v2\/posts\/25700"}],"collection":[{"href":"https:\/\/vocesdebaires.com.ar\/index.php\/wp-json\/wp\/v2\/posts"}],"about":[{"href":"https:\/\/vocesdebaires.com.ar\/index.php\/wp-json\/wp\/v2\/types\/post"}],"author":[{"embeddable":true,"href":"https:\/\/vocesdebaires.com.ar\/index.php\/wp-json\/wp\/v2\/users\/2"}],"replies":[{"embeddable":true,"href":"https:\/\/vocesdebaires.com.ar\/index.php\/wp-json\/wp\/v2\/comments?post=25700"}],"version-history":[{"count":0,"href":"https:\/\/vocesdebaires.com.ar\/index.php\/wp-json\/wp\/v2\/posts\/25700\/revisions"}],"wp:featuredmedia":[{"embeddable":true,"href":"https:\/\/vocesdebaires.com.ar\/index.php\/wp-json\/wp\/v2\/media\/22585"}],"wp:attachment":[{"href":"https:\/\/vocesdebaires.com.ar\/index.php\/wp-json\/wp\/v2\/media?parent=25700"}],"wp:term":[{"taxonomy":"category","embeddable":true,"href":"https:\/\/vocesdebaires.com.ar\/index.php\/wp-json\/wp\/v2\/categories?post=25700"},{"taxonomy":"post_tag","embeddable":true,"href":"https:\/\/vocesdebaires.com.ar\/index.php\/wp-json\/wp\/v2\/tags?post=25700"}],"curies":[{"name":"wp","href":"https:\/\/api.w.org\/{rel}","templated":true}]}}