{"id":25704,"date":"2014-02-28T15:43:07","date_gmt":"2014-02-28T18:43:07","guid":{"rendered":"http:\/\/vocesdebaires.com.ar\/wordpress\/index.php\/2014\/02\/28\/macri-dialogar-hace-a-una-forma-de-ver-la-democracia-2\/"},"modified":"2014-02-28T15:43:07","modified_gmt":"2014-02-28T18:43:07","slug":"macri-dialogar-hace-a-una-forma-de-ver-la-democracia-2","status":"publish","type":"post","link":"https:\/\/vocesdebaires.com.ar\/index.php\/2014\/02\/28\/macri-dialogar-hace-a-una-forma-de-ver-la-democracia-2\/","title":{"rendered":"Macri: Dialogar hace a una forma de ver la democracia"},"content":{"rendered":"<p><span style=\"line-height: 1.3em;\">De mi parte, la Presidenta (de la Naci\u00f3n) puede contar con alguien que, a pesar de nuestas numerosas y p\u00fablicas diferencias, colaborar\u00e1 para que este 2014 transcurra en paz social y unidad para todos los argentinos\u00bb, afirm\u00f3 el Jefe de Gobierno de la Ciudad Aut\u00f3noma de Buenos Aires, ing. Mauricio Macri, al inaugurar el XVII Per\u00edodo de Sesiones Ordinarias de la Legislatura porte\u00f1a. Tambi\u00e9n ofreci\u00f3 este mismo compromiso al gobernador de la Provincia de Buenos Aires, Daniel Scioli, con quien en la v\u00edspera acord\u00f3 \u00abgenerar una mesa de di\u00e1logo para el \u00e1rea metropolitana\u00bb.<\/span><\/p>\n<p>La afirmaci\u00f3n fue realizada al comienzo de su mensaje al cuerpo parlamentario, tras referir que \u00abel 2014 se presenta como un a\u00f1o desafiante para todos nosotros. Vivimos en el contexto de un pa\u00eds con turbulencias, donde la aceleraci\u00f3n de la inflaci\u00f3n ha impactado de lleno en nuestros comportamientos y en nuestros desaf\u00edos como gobernantes. A esto se le agrega un panorama econ\u00f3mico que promete ser complejo. Que va a afectar nuestras expectativas, nuestro estado de \u00e1nimo y, sobre todo, el clima social\u00bb.<\/p>\n<p>\u00abNuestra Ciudad no es ajena a este contexto desafiante. Ya empezaron las paritarias salariales, no s\u00f3lo en los sectores estatales sino en todos los sectores de la econom\u00eda. Haremos el mayor de los esfuerzos para que sigamos mejorando las condiciones salariales de los trabajadores como lo hemos hecho desde el primer d\u00eda. Dialogar no es pactar de cualquier manera ni licuar la identidad. Dialogar hace a una forma de ver la democracia\u00bb, afirm\u00f3 Macri ante legisladores, ministros y funcionarios del Poder Ejecutivo as\u00ed como altas autoridades del Poder Judicial local, del cuerpo diplom\u00e1tico y numeroso p\u00fablico que colm\u00f3 los palcos y aplaudi\u00f3 varios pasajes de su mensaje, que se prolong\u00f3 durante 18 minutos.<\/p>\n<p>Dirigi\u00e9ndose a los legisladores, dijo: \u00abCon muchos de ustedes hemos hablado en estos a\u00f1os y hemos podido ponernos de acuerdo en algunas cosas y en otras no. Pero siempre van a encontrar puertas abiertas para el di\u00e1logo. Est\u00e1 claro que cada sector pol\u00edtico buscar\u00e1 posicionarse este a\u00f1o para las elecciones de 2015 pero tratemos de buscar espacios comunes de temas en los que podamos ponernos de acuerdo. El a\u00f1o que viene concluir\u00e1 mi gesti\u00f3n en la Ciudad, la del Gobernador Scioli en la Provincia y la de la Presidenta de la Naci\u00f3n. Termina una etapa de nuestra historia y comenzar\u00e1n otras\u00bb.<\/p>\n<p>Record\u00f3 que \u00aben estos 6 a\u00f1os y 3 meses de gobierno hemos encarado miles de proyectos y muchos han cambiado la vida de la gente. Y todos esos proyectos, todas esas transformaciones, fueron hechas sin especulaciones ni dobles discursos, s\u00f3lo pensando en la gente\u00bb. Y a continuaci\u00f3n dijo: \u00abQuisiera que estos dos a\u00f1os podamos trabajar en conjunto para consolidar las pol\u00edticas de Estado que la Ciudad necesita, algunas iniciadas por nosotros, otras por otros gobiernos\u00bb.<\/p>\n<p>Tras enumerar y repasar algunas de las l\u00edneas centrales de su gesti\u00f3n, al finalizar asegur\u00f3: \u00abQueremos que Buenos Aires sea l\u00edder mundial y regional en esta agenda de futuro, y seguiremos trabajando en ese sentido, articulando experiencias y buscando nuevas ideas (&#8230;) Porque, gobierne quien gobierne en 2015, tiene que poder trabajar en un escenario planificado y ordenado, que le permita proyectar sobre lo construido y seguir mejorando la calidad de vida de las personas\u00bb.<\/p>\n<p>\u00abComo siempre, los convoco a sumarse, m\u00e1s all\u00e1 del partido pol\u00edtico al que pertenezcan\u00bb, enfatiz\u00f3 Macri. \u00abSomos 3 poderes, 3 partes de un equipo con distintos roles, tal vez pensamientos, pero todos tenemos que sentirnos parte de un mismo Estado que est\u00e1 presente. Lo que est\u00e1 en juego es el futuro de nuestro pa\u00eds y de todos los argentinos. Yo quiero una Argentina democr\u00e1tica, donde todos tengamos ganas de participar porque sabemos que nuestro aporte vale. Donde tengamos la certeza de que, si nos involucramos y si nos esforzamos, las cosas pueden mejorar. Un pa\u00eds donde nos d\u00e9 orgullo vivir (&#8230;) espero que este 2014 podamos trabajar juntos como la gente espera y merece. Lo vamos a lograr. Conf\u00edo en ustedes y en cada uno de los argentinos. Tenemos un gran futuro por delante. Un enorme futuro por delante\u00bb.<\/p>\n<p>TEXTUALES ACERCA DE LAS PRINCIPALES \u00c1REAS DE GESTI\u00d3N<\/p>\n<p>Ciudad Verde<\/p>\n<p>La pol\u00edtica de reducci\u00f3n de residuos, el Plan de Movilidad Sustentable y el plan de ampliaci\u00f3n de espacios verdes son la parte operativa de ese objetivo. En cuanto a la pol\u00edtica de residuos, este a\u00f1o comenzamos con una nueva licitaci\u00f3n que mejorar\u00e1 la limpieza. Porque toda la Ciudad va a tener los nuevos contenedores, m\u00e1s grandes y m\u00e1s seguros, y la recolecci\u00f3n se va a extender a los 7 d\u00edas de la semana, con una frecuencia especial de 2 recolecciones diarias para las villas de emergencia.<\/p>\n<p>El a\u00f1o pasado hicimos grandes avances. Inauguramos la primera planta de tratamiento mec\u00e1nico biol\u00f3gico del pa\u00eds, donde se tratan 1000 toneladas diarias, y estamos terminando -esperamos que para mayo-, una nueva planta de tratamiento de residuos \u00e1ridos, que hoy ya funciona, pero cuando est\u00e9 finalizada llegar\u00e1 a tratar entre 2000 y 2500 toneladas por d\u00eda. Vamos a seguir trabajando con la comunidad para reducir la cantidad de basura a trav\u00e9s de la separaci\u00f3n en origen y del reciclado. Para 2024, la Ciudad tendr\u00e1 m\u00e1s de 3 millones de m2 nuevos de espacios verdes p\u00fablicos y de circulaci\u00f3n peatonal.<\/p>\n<p>Tr\u00e1nsito y Transporte<\/p>\n<p>Otro de los puntos centrales de esta pol\u00edtica verde, es el Plan de Movilidad Sustentable, que cumple con est\u00e1ndares internacionales. Antes de finalizar esta gesti\u00f3n, esperamos haber terminado 4 nuevos corredores, en Av. Cabildo, Av. Paseo Col\u00f3n, Av. San Mart\u00edn y en el corredor reversible de la autopista 25 de Mayo.<\/p>\n<p>Otro de los temas en el que vamos a seguir avanzando es en la red de subtes. Vamos a incorporar nuevos coches para todas las l\u00edneas, todos ellos con aire acondicionado, vamos a mejorar las frecuencias, y al mismo tiempo vamos a seguir con las obras en seguridad e infraestructura.Tambi\u00e9n vamos a avanzar en la extensi\u00f3n de la l\u00ednea H, con la inauguraci\u00f3n de 3 nuevas estaciones: C\u00f3rdoba, Santa Fe y Las Heras. Ya hicimos 22 pasos bajo nivel en lo que va de la gesti\u00f3n y vamos a construir 6 nuevos en los pr\u00f3ximos meses.<\/p>\n<p>El sistema de Ecobicis es otro de los \u00e9xitos del Plan de Movilidad Sustentable. Cada vez m\u00e1s vecinos usan la bici para ir a sus trabajos, a estudiar, o para circular por la Ciudad. Este a\u00f1o vamos a incorporar el sistema autom\u00e1tico. Esto quiere decir que para fin de a\u00f1o, vamos a tener en funcionamiento 200 estaciones con 3000 bicicletas que van a estar a disposici\u00f3n, todos los d\u00edas, las 24 horas.<\/p>\n<p>Plan Hidr\u00e1ulico<\/p>\n<p>El objetivo de tener un plan contra el cambio clim\u00e1tico va de la mano del Plan Hidr\u00e1ulico de la Ciudad. Como todos saben, despu\u00e9s de haber empezado y terminado la obra h\u00eddrica m\u00e1s importante de los \u00faltimos 70 a\u00f1os, la del arroyo Maldonado, y estamos licitando para hacer la obra del Arroyo Vega. Si bien ya pudimos terminar la primera etapa de mitigaci\u00f3n, en la que aumentamos un 40% la capacidad de escurrimiento del agua.<\/p>\n<p>Educaci\u00f3n<\/p>\n<p>Quiero decirles que nadie tenga la menor duda de que vamos a seguir mejorando la educaci\u00f3n p\u00fablica, gratuita y de calidad para todos. Esto es una prioridad absoluta. Cuando llegamos hace 6 a\u00f1os, nos hicimos cargo de la crisis edilicia en la que se encontraba la mayor parte de los establecimientos educativos. Recordemos cuando los noticieros mostraban a los chicos en aulas fr\u00edas y con techos ca\u00eddos. Nos ocupamos, porque con el apoyo \u00a0de ustedes, pusimos en marcha las obras que hab\u00eda que hacer.<\/p>\n<p>Para ello deb\u00edamos mejorar sus condiciones laborales, econ\u00f3micas y pedag\u00f3gicas: Primero aumentando el salario docente y concretando acuerdos paritarios, inclusive en escenarios de conflicto a nivel nacional, y creando m\u00e1s de 7000 nuevos cargos docentes. Segundo reformando el sistema de concurso y ascenso a trav\u00e9s de la nueva ley de juntas de clasificaci\u00f3n. Tercero implementando programas de capacitaci\u00f3n permanente en convenio con universidades p\u00fablicas y privadas, y con intercambios con las mejores escuelas del mundo. Pusimos ingl\u00e9s desde primer grado e Internet en las aulas, les dimos una computadora por alumno a los chicos de primaria de las escuelas de gesti\u00f3n estatal, entregamos libros, entre tantas cosas m\u00e1s. Somos el \u00fanico distrito del pa\u00eds donde la matr\u00edcula de educaci\u00f3n de gesti\u00f3n estatal creci\u00f3 m\u00e1s que la de gesti\u00f3n privada.<\/p>\n<p>Sabemos que el sistema de inscripci\u00f3n online ha dejado a la luz algo que siempre suced\u00eda pero quedaba oculto en la falta de transparencia. Este sistema moderno, que se va a ir perfeccionando a\u00f1o tras a\u00f1o, nos mostr\u00f3 d\u00f3nde estamos parados y hacia d\u00f3nde tenemos que ir. Hoy podemos hacer diagn\u00f3sticos precisos y trabajar con mayor foco donde est\u00e1n las necesidades. Sabemos que falta, pero estamos mejor que hace 6 a\u00f1os: logramos una cobertura total de vacantes en salas de 4 y 5 a\u00f1os, y estamos en camino de hacer lo mismo para las salas de 3 para el pr\u00f3ximo a\u00f1o, cuando en el resto del pa\u00eds, seg\u00fan el censo de 2010, hay m\u00e1s de medio mill\u00f3n de chicos, que no pueden acceder a la educaci\u00f3n p\u00fablica. Les pido que demos el debate, que conversemos, que discutamos si es necesario, pero no perdamos de vista que lo que est\u00e1 en juego es el futuro de nuest ros hijos, y el de las futuras generaciones. No politicemos la educaci\u00f3n, transform\u00e1ndola realmente en una pol\u00edtica de Estado.<\/p>\n<p>Veo que esta Legislatura quiere discutir este problema, y me parece muy bien que la educaci\u00f3n sea un tema prioritario en su agenda. Pero seamos realistas y hablemos de todos los problemas de los que hay que hablar. La calidad educativa no puede esperar, no s\u00f3lo en la Ciudad sino en todo el pa\u00eds: de 4 chicos que ingresan al colegio, 2 abandonan antes de terminar el secundario, y de esos 2, s\u00f3lo 1 puede comprender textos. Esto quiere decir que s\u00f3lo 1 de cada 4 j\u00f3venes tiene las herramientas a los 18 a\u00f1os para ser un ciudadano pleno de nuestro pa\u00eds.<\/p>\n<p>Por tal motivo, les vuelvo a pedir que pongamos sobre la mesa la discusi\u00f3n acerca de la creaci\u00f3n del Instituto de Calidad y Equidad Educativa, que es clave porque nos va a ayudar a hacer las mediciones necesarias para evaluar seriamente y as\u00ed poder mejorar nuestra educaci\u00f3n. Insisto, no tengamos miedo a poner el status quo en crisis, cambiar es crecer, y crecer es adaptarse a las nuevas realidades. No hagamos a nuestros hijos esclavos de nuestros miedos y ambiciones cortoplacistas.<\/p>\n<p>Red de Protecci\u00f3n Social<\/p>\n<p>Otra pol\u00edtica de Estado que vamos a seguir fortaleciendo es nuestra Red de Protecci\u00f3n Social, la red \u201cEn todo estas vos\u201d que anunci\u00e9 el a\u00f1o pasado en esta misma casa y que hoy alcanza a m\u00e1s de 850 mil personas. Esta red se propone acompa\u00f1ar a los vecinos, especialmente a los m\u00e1s vulnerables, en todas las etapas de su vida. El Estado que estamos construyendo desde el Gobierno de la Ciudad es un Estado presente, que est\u00e1 cerca de las personas.<\/p>\n<p>Salud<\/p>\n<p>Este a\u00f1o vamos a seguir trabajando para tener un sistema de salud p\u00fablica, gratuita y de calidad. Desde que llegamos a la Ciudad, venimos haciendo una fuerte inversi\u00f3n para modernizar los hospitales p\u00fablicos y mejorar la atenci\u00f3n que les damos a los porte\u00f1os y a los vecinos de todo el pa\u00eds, en especial a los de la Provincia de Buenos Aires. Logramos hacer del SAME un sistema de excelencia como nunca antes hab\u00eda existido en la Ciudad y estamos profundizando el sistema de atenci\u00f3n primaria para estar cada vez m\u00e1s cerca de la gente. Este a\u00f1o vamos a \u00a0avanzar con la segunda etapa del hospital de Lugano Cecilia Grierson, y vamos a seguir incorporando el sistema de turnos telef\u00f3nicos a nuevos hospitales: Sard\u00e1, Ramos Mej\u00eda, Durand, Penna, Santojanni, Guti\u00e9rrez, Torn\u00fa y Rivadavia.<\/p>\n<p>Nuevo edificio del Banco Ciudad en Parque Patricios<\/p>\n<p>Otro desaf\u00edo que tenemos por delante y se relaciona con nuestra pol\u00edtica social es la nueva sede del Banco Ciudad que vamos a inaugurar en Parque Patricios. Esta obra es parte de una pol\u00edtica de Estado que iniciamos con la creaci\u00f3n del Distrito Tecnol\u00f3gico y que tiene que ver con poner en valor el Sur de la Ciudad. Hace pocos a\u00f1os Parque Patricios era un barrio del que los j\u00f3venes emigraban y hoy vienen en b\u00fasqueda de nuevas oportunidades. A lo largo de este a\u00f1o tenemos previsto entregar a trav\u00e9s del Banco Ciudad 1.100 nuevos cr\u00e9ditos Primera Casa BA, el cr\u00e9dito hipotecario con la tasa m\u00e1s baja del mercado, que prioriza de forma transparente a aquellas familias que m\u00e1s lo necesitan. \u00a0Casi 1.000 familias ya tienen una casa propia gracias a este cr\u00e9dito.<\/p>\n<p>Buenos Aires sede de Juegos Ol\u00edmpicos de la Juventud<\/p>\n<p>Otro gran desaf\u00edo surge de haber logrado la designaci\u00f3n de la Ciudad como sede de los Juegos Ol\u00edmpicos de la Juventud 2018. Esta noticia nos tiene que encontrar unidos a todos los argentinos, porque abre una gran oportunidad para mostrar al mundo los atractivos de nuestra Ciudad y nuestro pa\u00eds. Vamos a construir una Villa Ol\u00edmpica en Parque Roca para recibir a los atletas, que va a tener capacidad para 6.200 personas y que al terminar se transformar\u00e1n en vivienda social. As\u00ed que hoy m\u00e1s que nunca, con esta novedad y a pocos meses del Mundial de F\u00fatbol, compromet\u00e1monos a potenciar y transmitir el esp\u00edritu deportivo entre chicos y grandes de todo el pa\u00eds.<\/p>\n<p>Polo de innovaci\u00f3n y creatividad<\/p>\n<p>Es una pol\u00edtica de Estado transformar a Buenos Aires en un polo de innovaci\u00f3n y creatividad. Estamos impulsando a los emprendedores, a las industrias creativas y culturales y a la innovaci\u00f3n tecnol\u00f3gica. Esto nos permitir\u00e1 crear empleo, mejorar la calidad de vida de los vecinos, facilitar el acceso a bienes y servicios y reducir las desigualdades. Muchas de las pol\u00edticas que enumer\u00e9 antes est\u00e1n relacionadas con este eje, m\u00e1s la pol\u00edtica de creaci\u00f3n de Distritos, la innovaci\u00f3n tecnol\u00f3gica que implica el Plan Sarmiento, los avances en la administraci\u00f3n p\u00fablica con proyectos como Gobierno Abierto, la democratizaci\u00f3n de internet en los espacios p\u00fablicos y las pol\u00edticas culturales.<\/p>\n<p>Tal como lo dispone la Constituci\u00f3n local en el art\u00edculo 105 inciso 3, el Jefe de Gobierno pronunci\u00f3 poco despu\u00e9s de las 9, un mensaje de casi 30 minutos en el que dio cuenta del estado general de la administraci\u00f3n en presencia del Cuerpo parlamentario y sus autoridades, entre ellas, la Presidenta de la Legislatura y Vicejefa de Gobierno Lic. Mar\u00eda Eugenia Vidal, el Vicepresidente 1\u00ba, diputado Cristian Ritondo (PRO); el Vicepresidente 2\u00aa diputado Juan Carlos Dante Gullo (FpV) y el Vicepresidente 3\u00aa diputado Maximiliano Ferraro (UNEN -CC).<\/p>\n","protected":false},"excerpt":{"rendered":"<p>De mi parte, la Presidenta (de la Naci\u00f3n) puede contar con alguien que, a pesar de nuestas numerosas y p\u00fablicas diferencias, colaborar\u00e1 para que este 2014 transcurra en paz social y unidad para todos los argentinos\u00bb, afirm\u00f3 el Jefe de Gobierno de la Ciudad Aut\u00f3noma de Buenos Aires, ing. Mauricio Macri, al inaugurar el XVII [&hellip;]<\/p>\n","protected":false},"author":2,"featured_media":22593,"comment_status":"open","ping_status":"open","sticky":false,"template":"","format":"standard","meta":{"_et_pb_use_builder":"","_et_pb_old_content":"","_et_gb_content_width":"","footnotes":""},"categories":[11,44],"tags":[],"class_list":["post-25704","post","type-post","status-publish","format-standard","has-post-thumbnail","hentry","category-ciudad","category-funcionarios-de-la-caba"],"_links":{"self":[{"href":"https:\/\/vocesdebaires.com.ar\/index.php\/wp-json\/wp\/v2\/posts\/25704"}],"collection":[{"href":"https:\/\/vocesdebaires.com.ar\/index.php\/wp-json\/wp\/v2\/posts"}],"about":[{"href":"https:\/\/vocesdebaires.com.ar\/index.php\/wp-json\/wp\/v2\/types\/post"}],"author":[{"embeddable":true,"href":"https:\/\/vocesdebaires.com.ar\/index.php\/wp-json\/wp\/v2\/users\/2"}],"replies":[{"embeddable":true,"href":"https:\/\/vocesdebaires.com.ar\/index.php\/wp-json\/wp\/v2\/comments?post=25704"}],"version-history":[{"count":0,"href":"https:\/\/vocesdebaires.com.ar\/index.php\/wp-json\/wp\/v2\/posts\/25704\/revisions"}],"wp:featuredmedia":[{"embeddable":true,"href":"https:\/\/vocesdebaires.com.ar\/index.php\/wp-json\/wp\/v2\/media\/22593"}],"wp:attachment":[{"href":"https:\/\/vocesdebaires.com.ar\/index.php\/wp-json\/wp\/v2\/media?parent=25704"}],"wp:term":[{"taxonomy":"category","embeddable":true,"href":"https:\/\/vocesdebaires.com.ar\/index.php\/wp-json\/wp\/v2\/categories?post=25704"},{"taxonomy":"post_tag","embeddable":true,"href":"https:\/\/vocesdebaires.com.ar\/index.php\/wp-json\/wp\/v2\/tags?post=25704"}],"curies":[{"name":"wp","href":"https:\/\/api.w.org\/{rel}","templated":true}]}}