{"id":25705,"date":"2014-02-28T15:56:02","date_gmt":"2014-02-28T18:56:02","guid":{"rendered":"http:\/\/vocesdebaires.com.ar\/wordpress\/index.php\/2014\/02\/28\/sesion-inaugural-de-la-legislatura-portena-2\/"},"modified":"2014-02-28T15:56:02","modified_gmt":"2014-02-28T18:56:02","slug":"sesion-inaugural-de-la-legislatura-portena-2","status":"publish","type":"post","link":"https:\/\/vocesdebaires.com.ar\/index.php\/2014\/02\/28\/sesion-inaugural-de-la-legislatura-portena-2\/","title":{"rendered":"Sesi\u00f3n inaugural de la Legislatura Porte\u00f1a"},"content":{"rendered":"<p><span style=\"line-height: 1.3em;\">El legislador porte\u00f1o del FPV, Jorge Taiana, opin\u00f3 que el discurso de Mauricio Macri en la sesi\u00f3n inaugural de la Legislatura fue \u201csuperficial y poco realista\u201d y advirti\u00f3 que el Jefe de Gobierno hizo referencia a una \u201cCiudad sin problemas\u201d, y nada dijo de la \u201cBuenos Aires sumergida que vive en condiciones muy deficitarias de vivienda, salud y educacion\u201d.<\/span><\/p>\n<p>\u201cEsta semana estuvo marcada por la toma del predio en Villa Lugano y Macri evit\u00f3 hacer alguna referencia al tema. Hubiera sido bueno que haga un analisis mas profundo de la crisis habitacional porque es central para todos los porte\u00f1os\u201d, explic\u00f3 Taiana.<\/p>\n<p>Por otro lado, Taiana afirm\u00f3 que el Jefe de Gobierno \u201chabl\u00f3 de educacion pero no se refiri\u00f3 en forma especifica a la falta de vacantes ni a las aulas container\u201d, y agreg\u00f3 que \u201cMacri dijo que quiere dar el debate sobre la educaci\u00f3n pero su bloque en la sesi\u00f3n del mi\u00e9rcoles impidi\u00f3 que se diera tratmiento a los expedientes de educaci\u00f3n\u201d.<\/p>\n<p>En cuanto a la situacion de los hospitales porte\u00f1os, Taiana asegur\u00f3 que el analisis del Jefe de Gobierno deber\u00eda ser \u201cm\u00e1s profundo y m\u00e1s realista sobre la situacion efectiva que atraviesan los hospitales\u201d. Es suficiente hablar con medicos y enfermeros que atienden en la Capital para saber el mal momento que atraviesa la salud en la Ciudad de Buenos Aires\u201d, se\u00f1al\u00f3 el legislador.<span style=\"line-height: 1.3em;\">Finalmente, el ex Canciller sostuvo que Macri \u201ctrat\u00f3 los temas de manera muy superficial\u201d y explic\u00f3 que su tarea en esta legislatura ser\u00e1 darle un contenido m\u00e1s profundo y rico a los temas de la Ciudad\u201d.<\/span><\/p>\n","protected":false},"excerpt":{"rendered":"<p>El legislador porte\u00f1o del FPV, Jorge Taiana, opin\u00f3 que el discurso de Mauricio Macri en la sesi\u00f3n inaugural de la Legislatura fue \u201csuperficial y poco realista\u201d y advirti\u00f3 que el Jefe de Gobierno hizo referencia a una \u201cCiudad sin problemas\u201d, y nada dijo de la \u201cBuenos Aires sumergida que vive en condiciones muy deficitarias de [&hellip;]<\/p>\n","protected":false},"author":2,"featured_media":22595,"comment_status":"open","ping_status":"open","sticky":false,"template":"","format":"standard","meta":{"_et_pb_use_builder":"","_et_pb_old_content":"","_et_gb_content_width":"","footnotes":""},"categories":[11,44],"tags":[],"class_list":["post-25705","post","type-post","status-publish","format-standard","has-post-thumbnail","hentry","category-ciudad","category-funcionarios-de-la-caba"],"_links":{"self":[{"href":"https:\/\/vocesdebaires.com.ar\/index.php\/wp-json\/wp\/v2\/posts\/25705"}],"collection":[{"href":"https:\/\/vocesdebaires.com.ar\/index.php\/wp-json\/wp\/v2\/posts"}],"about":[{"href":"https:\/\/vocesdebaires.com.ar\/index.php\/wp-json\/wp\/v2\/types\/post"}],"author":[{"embeddable":true,"href":"https:\/\/vocesdebaires.com.ar\/index.php\/wp-json\/wp\/v2\/users\/2"}],"replies":[{"embeddable":true,"href":"https:\/\/vocesdebaires.com.ar\/index.php\/wp-json\/wp\/v2\/comments?post=25705"}],"version-history":[{"count":0,"href":"https:\/\/vocesdebaires.com.ar\/index.php\/wp-json\/wp\/v2\/posts\/25705\/revisions"}],"wp:featuredmedia":[{"embeddable":true,"href":"https:\/\/vocesdebaires.com.ar\/index.php\/wp-json\/wp\/v2\/media\/22595"}],"wp:attachment":[{"href":"https:\/\/vocesdebaires.com.ar\/index.php\/wp-json\/wp\/v2\/media?parent=25705"}],"wp:term":[{"taxonomy":"category","embeddable":true,"href":"https:\/\/vocesdebaires.com.ar\/index.php\/wp-json\/wp\/v2\/categories?post=25705"},{"taxonomy":"post_tag","embeddable":true,"href":"https:\/\/vocesdebaires.com.ar\/index.php\/wp-json\/wp\/v2\/tags?post=25705"}],"curies":[{"name":"wp","href":"https:\/\/api.w.org\/{rel}","templated":true}]}}