{"id":25716,"date":"2014-03-06T12:40:51","date_gmt":"2014-03-06T15:40:51","guid":{"rendered":"http:\/\/vocesdebaires.com.ar\/wordpress\/index.php\/2014\/03\/06\/legislaturase-presento-una-antologia-de-landru-2\/"},"modified":"2014-03-06T12:40:51","modified_gmt":"2014-03-06T15:40:51","slug":"legislaturase-presento-una-antologia-de-landru-2","status":"publish","type":"post","link":"https:\/\/vocesdebaires.com.ar\/index.php\/2014\/03\/06\/legislaturase-presento-una-antologia-de-landru-2\/","title":{"rendered":"Legislatura:Se present\u00f3 una antolog\u00eda de Landr\u00fa"},"content":{"rendered":"<p><span style=\"line-height: 1.3em;\">El libro \u00abLandr\u00fa. El que no se r\u00ede es un maleducado\u00bb, una antolog\u00eda de este artista que hizo re\u00edr a varias generaciones fue presentado esta tarde en la Legislatura porte\u00f1a durante un acto organizado por el diputado porte\u00f1o Oscar Moscariello (PRO). Dieron a conocer la publicaci\u00f3n el dibujante Hermenegildo S\u00e1bat, el linguista Pedro Luis Barcia y los periodistas Rolando Hanglin y Horacio del Prado en el Sal\u00f3n Dorado, donde se realiz\u00f3 tambi\u00e9n un merecido homenaje a este humorista gr\u00e1fico que cumple 91 a\u00f1os.<\/span><\/p>\n<p><span style=\"line-height: 1.3em;\">En la antolog\u00eda figuran inolvidables personajes que van desde Jacinto W. el Rebl\u00e1n hasta Mar\u00eda Bel\u00e9n y Alejandra pasando por los Campeonatos de mersas, bianudos y caqueros, los chistes absurdos, los de Se\u00f1oras Gordas, el detective Cuculi\u00fa, el Doctor Chantapufi y el Se\u00f1or Porcel. Desde su primer trabajo publicado en la revista Don Fulgencio en 1945, la obra de Landr\u00fa constituy\u00f3 una cr\u00f3nica pol\u00edtica y social argentina e internacional. \u00abLandr\u00fa. El que no se r\u00ede es un maleducado\u00bb recopila en diez cap\u00edtulos los mejores trabajos del humorista, con pr\u00f3logos de S\u00e1bat, Dobal, Sendra, Siulnas, Norma Aleandro, Rosendo Fraga, Rogelio Garc\u00eda Lupo, Hanglin, Barcia y Daniel Balmaceda. <\/span><\/p>\n<p><span style=\"line-height: 1.3em;\">Tambi\u00e9n asistieron el periodista Claudio Escribano y el m\u00fasico ex Chalchalero, Juan Carlos Sarabia. En el acto homenaje a Landr\u00fa, Oscar Moscariello expres\u00f3: \u00abes un honor y un privilegio compartir esta distinci\u00f3n a una persona que marc\u00f3 a fuego a hombres y mujeres de la Argentina, dando una cuota de humor y al exponer agudamente la ridiculez de aquellas cosas que los pol\u00edticos hacemos a contramano de la sociedad\u00bb. Landr\u00fa (Buenos Aires, 10 de enero de 1923) est\u00e1 considerado uno de los artistas cumbre del humor pol\u00edtico. Public\u00f3 su primer chiste en 1945 en la revista Don Fulgencio, de Lino Palacio. En 1957 lanz\u00f3 la revista T\u00eda Vicenta, su creaci\u00f3n emblem\u00e1tica, que fue clausurada por la dictadura militar de 1966 y en 1971 la Universidad de Columbia le otorg\u00f3 el premio Mar\u00eda Moors Cabot. Landr\u00fa particip\u00f3 en un amplio arco de publicaciones argentinas como Vea y Lea, Avivato, Pobre diablo, Rico Tipo, Patoruz\u00fa, Sucedi\u00f3 con la Farra, Dinamita, Gente de cine, Loco Lindo, Leoplan; Gente y la actualidad, El Mundo, Clar\u00edn, Somos y Mercado. Im\u00e1genes: Foto 1- El diputado Oscar Moscariello (PRO) encabez\u00f3 el encuentro Foto 2- Cl\u00e1sicos personajes de Landr\u00fa dieron color al homenaje Foto 3- Vista del Sal\u00f3n Dorado de la Legislatura durante la presentaci\u00f3n<\/span><\/p>\n","protected":false},"excerpt":{"rendered":"<p>El libro \u00abLandr\u00fa. El que no se r\u00ede es un maleducado\u00bb, una antolog\u00eda de este artista que hizo re\u00edr a varias generaciones fue presentado esta tarde en la Legislatura porte\u00f1a durante un acto organizado por el diputado porte\u00f1o Oscar Moscariello (PRO). Dieron a conocer la publicaci\u00f3n el dibujante Hermenegildo S\u00e1bat, el linguista Pedro Luis Barcia [&hellip;]<\/p>\n","protected":false},"author":2,"featured_media":22613,"comment_status":"open","ping_status":"open","sticky":false,"template":"","format":"standard","meta":{"_et_pb_use_builder":"","_et_pb_old_content":"","_et_gb_content_width":"","footnotes":""},"categories":[11,44],"tags":[],"class_list":["post-25716","post","type-post","status-publish","format-standard","has-post-thumbnail","hentry","category-ciudad","category-funcionarios-de-la-caba"],"_links":{"self":[{"href":"https:\/\/vocesdebaires.com.ar\/index.php\/wp-json\/wp\/v2\/posts\/25716"}],"collection":[{"href":"https:\/\/vocesdebaires.com.ar\/index.php\/wp-json\/wp\/v2\/posts"}],"about":[{"href":"https:\/\/vocesdebaires.com.ar\/index.php\/wp-json\/wp\/v2\/types\/post"}],"author":[{"embeddable":true,"href":"https:\/\/vocesdebaires.com.ar\/index.php\/wp-json\/wp\/v2\/users\/2"}],"replies":[{"embeddable":true,"href":"https:\/\/vocesdebaires.com.ar\/index.php\/wp-json\/wp\/v2\/comments?post=25716"}],"version-history":[{"count":0,"href":"https:\/\/vocesdebaires.com.ar\/index.php\/wp-json\/wp\/v2\/posts\/25716\/revisions"}],"wp:featuredmedia":[{"embeddable":true,"href":"https:\/\/vocesdebaires.com.ar\/index.php\/wp-json\/wp\/v2\/media\/22613"}],"wp:attachment":[{"href":"https:\/\/vocesdebaires.com.ar\/index.php\/wp-json\/wp\/v2\/media?parent=25716"}],"wp:term":[{"taxonomy":"category","embeddable":true,"href":"https:\/\/vocesdebaires.com.ar\/index.php\/wp-json\/wp\/v2\/categories?post=25716"},{"taxonomy":"post_tag","embeddable":true,"href":"https:\/\/vocesdebaires.com.ar\/index.php\/wp-json\/wp\/v2\/tags?post=25716"}],"curies":[{"name":"wp","href":"https:\/\/api.w.org\/{rel}","templated":true}]}}