{"id":25720,"date":"2014-03-07T18:29:00","date_gmt":"2014-03-07T21:29:00","guid":{"rendered":"http:\/\/vocesdebaires.com.ar\/wordpress\/index.php\/2014\/03\/07\/legislaturaadhesion-al-dia-internacional-de-la-mujer-2\/"},"modified":"2014-03-07T18:29:00","modified_gmt":"2014-03-07T21:29:00","slug":"legislaturaadhesion-al-dia-internacional-de-la-mujer-2","status":"publish","type":"post","link":"https:\/\/vocesdebaires.com.ar\/index.php\/2014\/03\/07\/legislaturaadhesion-al-dia-internacional-de-la-mujer-2\/","title":{"rendered":"Legislatura:Adhesi\u00f3n al D\u00eda Internacional de la Mujer"},"content":{"rendered":"<p><span style=\"line-height: 1.3em;\">Con motivo de celebrarse el pr\u00f3ximo s\u00e1bado 8 el D\u00eda Internacional de la Mujer, se aprobaron dos declaraciones. A trav\u00e9s de la primera, la Legislatura conmemora la fecha \u00ababogando por el cumplimiento efectivo de todos los derechos conquistados por las mujeres y reforzando su compromiso y lucha por los a\u00fan pendientes\u00bb. Este proyecto fue iniciado por la diputada Virginia Gonz\u00e1lez Gass (PSA &#8211; UNEN) <\/span><\/p>\n<p><span style=\"line-height: 1.3em;\">La segunda, declara de inter\u00e9s para la Promoci\u00f3n y Defensa de los Derechos Humanos a la muestra \u00ab\u00a1Viva el 8 de Marzo!\u00bb organizada por el Centro Cultural Borges entre el 7 y el 30 de marzo del corriente. Re\u00fane obras de importantes artistas argentinas, referentes de distintos lugares del pa\u00eds y de diferentes generaciones a quienes las une una forma de ver la vida, de develar sus experiencias y deseos y, ante todo, sus luchas y logros a trav\u00e9s de diferentes lenguajes art\u00edsticos. Se trata de 15 artistas visuales argentinas que a trav\u00e9s de sus obras en distintos formatos y t\u00e9cnicas dan cuenta del universo femenino y de la cuesti\u00f3n de g\u00e9nero. Cuenta con el apoyo de la Direcci\u00f3n de la Mujer de la Canciller\u00eda Argentina. La diputada Mar\u00eda Rachid (FpV) fue la impulsora del proyecto.<\/span><\/p>\n<p><span style=\"line-height: 1.3em;\">Declaran de inter\u00e9s deportivo al tradicional Juego de las Estrellas<\/span><\/p>\n<p><span style=\"line-height: 1.3em;\">A trav\u00e9s de una iniciativa del diputado Francisco Quintana (PRO) se declar\u00f3 de inter\u00e9s deportivo de la Ciudad Aut\u00f3noma de Buenos Aires al XXVI Juego de las Estrellas de B\u00e1squet que se llevar\u00e1 a cabo el 12 y 13 de marzo pr\u00f3ximo en el Estadio \u00abH\u00e9ctor Etchart\u00bb, de Ferro Carril Oeste.<\/span><\/p>\n<p><span style=\"line-height: 1.3em;\">El Juego de las Estrellas es la fiesta anual de los jugadores de b\u00e1squet de nuestro pa\u00eds y el \u00fanico espect\u00e1culo deportivo que organizan los propios jugadores, a trav\u00e9s de la Asociaci\u00f3n de Jugadores de B\u00e1squetbol (ADJ) que los nuclea. Desde su primera edici\u00f3n, en 1988, el Juego re\u00fane a los mejores exponentes de la Liga Nacional en su nivel m\u00e1s alto de competencia profesional que son votados, por los aficionados a este deporte a trav\u00e9s de un portal de internet. En su edici\u00f3n n\u00famero 26\u00ba y luego de 24 ediciones en el interior del pa\u00eds, el tradicional evento retorna a la ciudad de Buenos Aires. El 17 de abril de 1990, hab\u00eda sido la \u00faltima fiesta en la Ciudad, con sede en el estadio Luna Park.<\/span><\/p>\n<p><span style=\"line-height: 1.3em;\">Con un formato muy din\u00e1mico, la primera jornada estar\u00e1 destinada a diversas pruebas como la Carrera de Habilidades, Tiro de las Estrellas, y los tradicionales Torneos de Lanzamientos Triples y de Volcadas, todos con la participaci\u00f3n de los jugadores destacados en cada rubro. Por su parte, la segunda jornada contar\u00e1 con el cl\u00e1sico Juego de las Estrellas, un duelo entre los mejores jugadores nacionales y extranjeros de la Liga Nacional de B\u00e1squet.<\/span><\/p>\n","protected":false},"excerpt":{"rendered":"<p>Con motivo de celebrarse el pr\u00f3ximo s\u00e1bado 8 el D\u00eda Internacional de la Mujer, se aprobaron dos declaraciones. A trav\u00e9s de la primera, la Legislatura conmemora la fecha \u00ababogando por el cumplimiento efectivo de todos los derechos conquistados por las mujeres y reforzando su compromiso y lucha por los a\u00fan pendientes\u00bb. Este proyecto fue iniciado [&hellip;]<\/p>\n","protected":false},"author":2,"featured_media":22563,"comment_status":"open","ping_status":"open","sticky":false,"template":"","format":"standard","meta":{"_et_pb_use_builder":"","_et_pb_old_content":"","_et_gb_content_width":"","footnotes":""},"categories":[11,44],"tags":[],"class_list":["post-25720","post","type-post","status-publish","format-standard","has-post-thumbnail","hentry","category-ciudad","category-funcionarios-de-la-caba"],"_links":{"self":[{"href":"https:\/\/vocesdebaires.com.ar\/index.php\/wp-json\/wp\/v2\/posts\/25720"}],"collection":[{"href":"https:\/\/vocesdebaires.com.ar\/index.php\/wp-json\/wp\/v2\/posts"}],"about":[{"href":"https:\/\/vocesdebaires.com.ar\/index.php\/wp-json\/wp\/v2\/types\/post"}],"author":[{"embeddable":true,"href":"https:\/\/vocesdebaires.com.ar\/index.php\/wp-json\/wp\/v2\/users\/2"}],"replies":[{"embeddable":true,"href":"https:\/\/vocesdebaires.com.ar\/index.php\/wp-json\/wp\/v2\/comments?post=25720"}],"version-history":[{"count":0,"href":"https:\/\/vocesdebaires.com.ar\/index.php\/wp-json\/wp\/v2\/posts\/25720\/revisions"}],"wp:featuredmedia":[{"embeddable":true,"href":"https:\/\/vocesdebaires.com.ar\/index.php\/wp-json\/wp\/v2\/media\/22563"}],"wp:attachment":[{"href":"https:\/\/vocesdebaires.com.ar\/index.php\/wp-json\/wp\/v2\/media?parent=25720"}],"wp:term":[{"taxonomy":"category","embeddable":true,"href":"https:\/\/vocesdebaires.com.ar\/index.php\/wp-json\/wp\/v2\/categories?post=25720"},{"taxonomy":"post_tag","embeddable":true,"href":"https:\/\/vocesdebaires.com.ar\/index.php\/wp-json\/wp\/v2\/tags?post=25720"}],"curies":[{"name":"wp","href":"https:\/\/api.w.org\/{rel}","templated":true}]}}