{"id":25721,"date":"2014-03-07T18:34:34","date_gmt":"2014-03-07T21:34:34","guid":{"rendered":"http:\/\/vocesdebaires.com.ar\/wordpress\/index.php\/2014\/03\/07\/legislaturahuespedes-de-honor-3\/"},"modified":"2014-03-07T18:34:34","modified_gmt":"2014-03-07T21:34:34","slug":"legislaturahuespedes-de-honor-3","status":"publish","type":"post","link":"https:\/\/vocesdebaires.com.ar\/index.php\/2014\/03\/07\/legislaturahuespedes-de-honor-3\/","title":{"rendered":"Legislatura:Hu\u00e9spedes de Honor"},"content":{"rendered":"<p><span style=\"line-height: 1.3em;\">La Dra. Adriana Schnake Silva, que visitar\u00e1 la ciudad entre el 14 y el 24 de marzo, recibi\u00f3 el reconocimiento de Hu\u00e9sped de Honor a trav\u00e9s de una propuesta del diputado Francisco Quintana (PRO). Se trata de una m\u00e9dica psiquiatra, egresada y ex profesora de la Universidad de Chile. Reconocida internacionalmente por ser la fundadora del Centro de Salud y Desarrollo Anchimal\u00e9n, que desde hace m\u00e1s de 30 a\u00f1os recibe visitantes de todas partes del mundo en b\u00fasqueda de formaci\u00f3n profesional y tratamientos terap\u00e9uticos.<\/span><\/p>\n<p><span style=\"line-height: 1.3em;\">Desde sus comienzos, siempre estuvo interesada en comprender al ser humano desde una perspectiva diferente a la provista por el psicoan\u00e1lisis freudiano. As\u00ed, explor\u00f3 con sus alumnos los diversos enfoques, entre ellos, el existencialismo, el conductismo, el psicoan\u00e1lisis jungueano o el uso de sustancias psicotr\u00f3picas, para finalmente dedicarse a la Psicoterapia Gestalt, donde ha llegado a ser una de las figuras m\u00e1s relevantes en el cono sur y el \u00e1mbito de habla hispana. El prop\u00f3sito de la corriente psicoterap\u00e9utica de Gestalt es encontrar una manera de abordar al dolor humano bajo la mirada de un dise\u00f1o grupal. Gracias al desarrollo de este enfoque psicoterap\u00e9utico, el aporte de Schnake permiti\u00f3 un fortalecimiento de la comunidad de conocimiento y curaci\u00f3n, de modo que adem\u00e1s de ser una referencia en el tema, tambi\u00e9n se la conoce como Maestra en el arte de la cura ps&amp;i acute;quica.<\/span><\/p>\n<p><span style=\"line-height: 1.3em;\">Tambi\u00e9n fue declarado Hu\u00e9sped de Honor de la Ciudad el cantante y m\u00fasico portugu\u00e9s Z\u00e9 Perdig\u00e3o, quien visitar\u00e1 la Ciudad Aut\u00f3noma de Buenos Aires el 21 de marzo \u00a0de 2014. El proyecto es de autor\u00eda del diputado Oscar Moscariello (PRO). Z\u00e9 Perdig\u00e3o (Guimar\u00e3es, Portugal), es una de las grandes voces actuales del fado portugu\u00e9s. En noviembre del 2011, la UNESCO inscribi\u00f3 a El fado, canto popular urbano de Portugal como integrante de la Lista Representativa del Patrimonio Cultural Inmaterial de la Humanidad.<\/span><\/p>\n<p><span style=\"line-height: 1.3em;\">Benepl\u00e1cito por la recuperaci\u00f3n de la identidad de una nieta de Abuelas de Plaza de Mayo<\/span><\/p>\n<p><span style=\"line-height: 1.3em;\">La Legislatura de la Ciudad de Buenos Aires manifest\u00f3 su benepl\u00e1cito por la restituci\u00f3n de la identidad de una de las nietas de Abuelas de Plaza de Mayo. La noticia fue dada a conocer por la asociaci\u00f3n el pasado 6 de febrero. Se trata de la hija de Oscar R\u00f3mulo Guti\u00e9rrez Sesarego y Liliana Isabel Acu\u00f1a. La mujer hab\u00eda sido privada de su identidad por la \u00faltima dictadura c\u00edvico militar y la recuper\u00f3 a los 38 a\u00f1os de edad. Adem\u00e1s, se trata de la nieta de una de las fundadoras de la asociaci\u00f3n, Vilma Delinda Sesarego de Guti\u00e9rrez. El proyecto de declaraci\u00f3n fue presentado por la diputada Gabriela Alegre (FpV).<\/span><\/p>\n","protected":false},"excerpt":{"rendered":"<p>La Dra. Adriana Schnake Silva, que visitar\u00e1 la ciudad entre el 14 y el 24 de marzo, recibi\u00f3 el reconocimiento de Hu\u00e9sped de Honor a trav\u00e9s de una propuesta del diputado Francisco Quintana (PRO). Se trata de una m\u00e9dica psiquiatra, egresada y ex profesora de la Universidad de Chile. Reconocida internacionalmente por ser la fundadora [&hellip;]<\/p>\n","protected":false},"author":2,"featured_media":22622,"comment_status":"open","ping_status":"open","sticky":false,"template":"","format":"standard","meta":{"_et_pb_use_builder":"","_et_pb_old_content":"","_et_gb_content_width":"","footnotes":""},"categories":[11,44],"tags":[],"class_list":["post-25721","post","type-post","status-publish","format-standard","has-post-thumbnail","hentry","category-ciudad","category-funcionarios-de-la-caba"],"_links":{"self":[{"href":"https:\/\/vocesdebaires.com.ar\/index.php\/wp-json\/wp\/v2\/posts\/25721"}],"collection":[{"href":"https:\/\/vocesdebaires.com.ar\/index.php\/wp-json\/wp\/v2\/posts"}],"about":[{"href":"https:\/\/vocesdebaires.com.ar\/index.php\/wp-json\/wp\/v2\/types\/post"}],"author":[{"embeddable":true,"href":"https:\/\/vocesdebaires.com.ar\/index.php\/wp-json\/wp\/v2\/users\/2"}],"replies":[{"embeddable":true,"href":"https:\/\/vocesdebaires.com.ar\/index.php\/wp-json\/wp\/v2\/comments?post=25721"}],"version-history":[{"count":0,"href":"https:\/\/vocesdebaires.com.ar\/index.php\/wp-json\/wp\/v2\/posts\/25721\/revisions"}],"wp:featuredmedia":[{"embeddable":true,"href":"https:\/\/vocesdebaires.com.ar\/index.php\/wp-json\/wp\/v2\/media\/22622"}],"wp:attachment":[{"href":"https:\/\/vocesdebaires.com.ar\/index.php\/wp-json\/wp\/v2\/media?parent=25721"}],"wp:term":[{"taxonomy":"category","embeddable":true,"href":"https:\/\/vocesdebaires.com.ar\/index.php\/wp-json\/wp\/v2\/categories?post=25721"},{"taxonomy":"post_tag","embeddable":true,"href":"https:\/\/vocesdebaires.com.ar\/index.php\/wp-json\/wp\/v2\/tags?post=25721"}],"curies":[{"name":"wp","href":"https:\/\/api.w.org\/{rel}","templated":true}]}}