{"id":25725,"date":"2014-03-07T20:12:16","date_gmt":"2014-03-07T23:12:16","guid":{"rendered":"http:\/\/vocesdebaires.com.ar\/wordpress\/index.php\/2014\/03\/07\/vidal-recorrio-carmen-de-patagones-y-tres-arroyos-2\/"},"modified":"2014-03-07T20:12:16","modified_gmt":"2014-03-07T23:12:16","slug":"vidal-recorrio-carmen-de-patagones-y-tres-arroyos-2","status":"publish","type":"post","link":"https:\/\/vocesdebaires.com.ar\/index.php\/2014\/03\/07\/vidal-recorrio-carmen-de-patagones-y-tres-arroyos-2\/","title":{"rendered":"Vidal: Recorri\u00f3 Carmen de Patagones y Tres Arroyos"},"content":{"rendered":"<p><span style=\"line-height: 1.3em;\">La referente bonaerense de PRO, Mar\u00eda Eugenia Vidal, pidi\u00f3 hoy \u201ca la gente que nunca hizo pol\u00edtica que se anime y que se sume a la alternativa que representa Mauricio Macri\u201d y sostuvo que \u201cArgentina acumula tantas frustraciones porque \u00a0son muchos a\u00f1os en los que siempre nos gobernaron los mismos y con los resultados que ya conocemos\u201d. <\/span><\/p>\n<p><span style=\"line-height: 1.3em;\">\u00abHa llegado la hora de priorizar otra forma de concebir la pol\u00edtica para que est\u00e9 basada en la acci\u00f3n y en la gesti\u00f3n concreta, no en los relatos discursivos\u201d, se\u00f1al\u00f3 la vicejefe del Gobierno porte\u00f1o durante una visita a Carmen de Patagones y Tres Arroyos, donde estuvo acompa\u00f1ada por el senador nacional Alfredo De Angeli.<\/span><\/p>\n<p><span style=\"line-height: 1.3em;\">Vidal dijo que la provincia de Buenos Aires cuenta \u201ccon regiones que tienen un enorme potencial productivo, pero \u00a0que est\u00e1n postergadas porque no se hicieron las obras de infraestructura necesarias y por la mala pol\u00edtica seguida por el Gobierno en la relaci\u00f3n con el campo, que es una gran fuente generadora de empleo digno y genuino\u201d.<\/span><\/p>\n<p><span style=\"line-height: 1.3em;\">Por su parte, De Angeli \u00a0habl\u00f3 de su experiencia personal: \u201cYo antes renegaba de la pol\u00edtica, pero me di cuenta que la pol\u00edtica se cambia con m\u00e1s pol\u00edtica y estoy convencido de que tenemos que hacer un gran frente para poder llevar adelante un gobierno progresista con inclusi\u00f3n social\u00bb.<\/span><span style=\"line-height: 1.3em;\">El legislador plante\u00f3 que \u00abhay que trabajar para dar respuestas al campo y a tantos problemas que hay en salud, educaci\u00f3n y seguridad\u00bb.<\/span><\/p>\n<p><span style=\"line-height: 1.3em;\">Acompa\u00f1ados por el concejal Jos\u00e9 Luis Zara, Vidal y De Angeli mantuvieron en Patagones un encuentro con los integrantes de la ONG \u00abUnidos por una vida mejor\u00bb. Luego se reunieron con productores en la sede de la Sociedad Rural \u00a0y \u00a0en el cierre de la visita asistieron a Fiesta de la Soberan\u00eda. <\/span><span style=\"line-height: 1.3em;\">Posteriormente, se trasladaron la ciudad de Tres Arroyos, donde junto a la referente del PRO, Laura Aprile, brindaron una charla p\u00fablica en la Sociedad Rural y luego participaron de la Fiesta Provincial del Trigo.<\/span><\/p>\n","protected":false},"excerpt":{"rendered":"<p>La referente bonaerense de PRO, Mar\u00eda Eugenia Vidal, pidi\u00f3 hoy \u201ca la gente que nunca hizo pol\u00edtica que se anime y que se sume a la alternativa que representa Mauricio Macri\u201d y sostuvo que \u201cArgentina acumula tantas frustraciones porque \u00a0son muchos a\u00f1os en los que siempre nos gobernaron los mismos y con los resultados que [&hellip;]<\/p>\n","protected":false},"author":2,"featured_media":22630,"comment_status":"open","ping_status":"open","sticky":false,"template":"","format":"standard","meta":{"_et_pb_use_builder":"","_et_pb_old_content":"","_et_gb_content_width":"","footnotes":""},"categories":[11,44],"tags":[],"class_list":["post-25725","post","type-post","status-publish","format-standard","has-post-thumbnail","hentry","category-ciudad","category-funcionarios-de-la-caba"],"_links":{"self":[{"href":"https:\/\/vocesdebaires.com.ar\/index.php\/wp-json\/wp\/v2\/posts\/25725"}],"collection":[{"href":"https:\/\/vocesdebaires.com.ar\/index.php\/wp-json\/wp\/v2\/posts"}],"about":[{"href":"https:\/\/vocesdebaires.com.ar\/index.php\/wp-json\/wp\/v2\/types\/post"}],"author":[{"embeddable":true,"href":"https:\/\/vocesdebaires.com.ar\/index.php\/wp-json\/wp\/v2\/users\/2"}],"replies":[{"embeddable":true,"href":"https:\/\/vocesdebaires.com.ar\/index.php\/wp-json\/wp\/v2\/comments?post=25725"}],"version-history":[{"count":0,"href":"https:\/\/vocesdebaires.com.ar\/index.php\/wp-json\/wp\/v2\/posts\/25725\/revisions"}],"wp:featuredmedia":[{"embeddable":true,"href":"https:\/\/vocesdebaires.com.ar\/index.php\/wp-json\/wp\/v2\/media\/22630"}],"wp:attachment":[{"href":"https:\/\/vocesdebaires.com.ar\/index.php\/wp-json\/wp\/v2\/media?parent=25725"}],"wp:term":[{"taxonomy":"category","embeddable":true,"href":"https:\/\/vocesdebaires.com.ar\/index.php\/wp-json\/wp\/v2\/categories?post=25725"},{"taxonomy":"post_tag","embeddable":true,"href":"https:\/\/vocesdebaires.com.ar\/index.php\/wp-json\/wp\/v2\/tags?post=25725"}],"curies":[{"name":"wp","href":"https:\/\/api.w.org\/{rel}","templated":true}]}}