{"id":25731,"date":"2014-03-10T13:09:23","date_gmt":"2014-03-10T16:09:23","guid":{"rendered":"http:\/\/vocesdebaires.com.ar\/wordpress\/index.php\/2014\/03\/10\/legislador-javier-gentilini-presidira-la-comision-de-vivienda-2\/"},"modified":"2014-03-10T13:09:23","modified_gmt":"2014-03-10T16:09:23","slug":"legislador-javier-gentilini-presidira-la-comision-de-vivienda-2","status":"publish","type":"post","link":"https:\/\/vocesdebaires.com.ar\/index.php\/2014\/03\/10\/legislador-javier-gentilini-presidira-la-comision-de-vivienda-2\/","title":{"rendered":"Legislador Javier Gentilini presidir\u00e1 la comisi\u00f3n de vivienda"},"content":{"rendered":"<p><span style=\"line-height: 1.3em;\">Con la participaci\u00f3n de Legisladores, autoridades de la Defensor\u00eda del Pueblo de la Ciudad de Buenos Aires, vecinos y representantes de organizaciones sociales, se realiz\u00f3 la primera reuni\u00f3n de la Comisi\u00f3n de Vivienda de la Legislatura de la CABA. En dicho \u00e1mbito se dio lugar a la designaci\u00f3n de las autoridades de la misma, eligi\u00e9ndose a Javier Gentilini en la Presidencia, a Cecilia de la Torre en la Vicepresidencia primera, y Paula Penacca en la Vicepresidencia segunda.<\/span><\/p>\n<p><span style=\"line-height: 1.3em;\">Durante la reuni\u00f3n, Gentilini manifest\u00f3 que \u00abdesde la Comisi\u00f3n de Vivienda apuntamos a generar los consensos necesarios entre los diferentes bloques que la integran, a fin de que las pol\u00edticas p\u00fablicas necesarias para atender el profundo d\u00e9ficit habitacional de la Ciudad puedan concretarse en la pr\u00e1ctica; toda vez que sin la anuencia del Ejecutivo tales soluciones no se podr\u00edan llevar a cabo\u00bb.<\/span><span style=\"line-height: 1.3em;\">Y a\u00f1adi\u00f3 que \u00aba esto se debe sumar la genuina representaci\u00f3n de los sectores sociales involucrados, y de instituciones u organizaciones de inter\u00e9s p\u00fablico, que, como es el caso de la Iglesia, puedan contribuir al logro de dichos consensos y las necesarias garant\u00edas para el cumplimiento efectivo de los mismos.\u00bb <\/span><\/p>\n<p><span style=\"line-height: 1.3em;\">La participaci\u00f3n de los vecinos se enmarc\u00f3 fundamentalmente en el conflicto de la toma del predio de la Villa 20 de Lugano. Los delegados de los ocupantes manifestaron su posici\u00f3n negativa al desalojo compulsivo del predio, y expusieron su perspectiva para la resoluci\u00f3n definitiva del conflicto. La Comisi\u00f3n tom\u00f3 el reclamo de los diferentes actores sociales y pol\u00edticos de cara a una pr\u00f3xima reuni\u00f3n a realizarse los primeros d\u00edas de la semana que viene.<\/span><span style=\"line-height: 1.3em;\">Estuvieron presentes la totalidad de los legisladores de la Comisi\u00f3n, Alejandro Amor (Titular de la Defensor\u00eda del Pueblo de la CABA), Mar\u00eda Am\u00e9rica Gonz\u00e1lez (Defensora Adjunta) y otras autoridades y representantes de organizaciones sociales. <\/span><\/p>\n","protected":false},"excerpt":{"rendered":"<p>Con la participaci\u00f3n de Legisladores, autoridades de la Defensor\u00eda del Pueblo de la Ciudad de Buenos Aires, vecinos y representantes de organizaciones sociales, se realiz\u00f3 la primera reuni\u00f3n de la Comisi\u00f3n de Vivienda de la Legislatura de la CABA. En dicho \u00e1mbito se dio lugar a la designaci\u00f3n de las autoridades de la misma, eligi\u00e9ndose [&hellip;]<\/p>\n","protected":false},"author":2,"featured_media":22642,"comment_status":"open","ping_status":"open","sticky":false,"template":"","format":"standard","meta":{"_et_pb_use_builder":"","_et_pb_old_content":"","_et_gb_content_width":"","footnotes":""},"categories":[11,44],"tags":[],"class_list":["post-25731","post","type-post","status-publish","format-standard","has-post-thumbnail","hentry","category-ciudad","category-funcionarios-de-la-caba"],"_links":{"self":[{"href":"https:\/\/vocesdebaires.com.ar\/index.php\/wp-json\/wp\/v2\/posts\/25731"}],"collection":[{"href":"https:\/\/vocesdebaires.com.ar\/index.php\/wp-json\/wp\/v2\/posts"}],"about":[{"href":"https:\/\/vocesdebaires.com.ar\/index.php\/wp-json\/wp\/v2\/types\/post"}],"author":[{"embeddable":true,"href":"https:\/\/vocesdebaires.com.ar\/index.php\/wp-json\/wp\/v2\/users\/2"}],"replies":[{"embeddable":true,"href":"https:\/\/vocesdebaires.com.ar\/index.php\/wp-json\/wp\/v2\/comments?post=25731"}],"version-history":[{"count":0,"href":"https:\/\/vocesdebaires.com.ar\/index.php\/wp-json\/wp\/v2\/posts\/25731\/revisions"}],"wp:featuredmedia":[{"embeddable":true,"href":"https:\/\/vocesdebaires.com.ar\/index.php\/wp-json\/wp\/v2\/media\/22642"}],"wp:attachment":[{"href":"https:\/\/vocesdebaires.com.ar\/index.php\/wp-json\/wp\/v2\/media?parent=25731"}],"wp:term":[{"taxonomy":"category","embeddable":true,"href":"https:\/\/vocesdebaires.com.ar\/index.php\/wp-json\/wp\/v2\/categories?post=25731"},{"taxonomy":"post_tag","embeddable":true,"href":"https:\/\/vocesdebaires.com.ar\/index.php\/wp-json\/wp\/v2\/tags?post=25731"}],"curies":[{"name":"wp","href":"https:\/\/api.w.org\/{rel}","templated":true}]}}