{"id":25738,"date":"2014-03-11T12:10:31","date_gmt":"2014-03-11T15:10:31","guid":{"rendered":"http:\/\/vocesdebaires.com.ar\/wordpress\/index.php\/2014\/03\/11\/subte-bodart-presento-amparo-contra-la-suba-2\/"},"modified":"2014-03-11T12:10:31","modified_gmt":"2014-03-11T15:10:31","slug":"subte-bodart-presento-amparo-contra-la-suba-2","status":"publish","type":"post","link":"https:\/\/vocesdebaires.com.ar\/index.php\/2014\/03\/11\/subte-bodart-presento-amparo-contra-la-suba-2\/","title":{"rendered":"Subte: Bodart present\u00f3 amparo contra la suba"},"content":{"rendered":"<p><span style=\"line-height: 1.3em;\">En el mediod\u00eda de ayer , el legislador Alejandro Bodart (MST-Nueva Izquierda) present\u00f3 en la Justicia en lo Contencioso Administrativo y Tributario porte\u00f1a su amparo contra la suba del subte a 4.50 pesos.<\/span><\/p>\n<p>Al salir, Bodart expres\u00f3: \u00abEspero que la justicia atienda las razones que planteo y antes del viernes 14 suspenda este nuevo tarifazo injustificado del gobierno macrista a favor de Metrov\u00edas. Con la barbaridad de subsidios que recibe la concesionaria privada, 980 millones de pesos este a\u00f1o, el subterr\u00e1neo ser\u00eda sustentable con un boleto a 1.50 pesos. Este nuevo aumento resulta entonces una doble estafa, a los pasajeros y a los fondos p\u00fablicos.\u201d\u00a0<span style=\"line-height: 1.3em;\">El amparo del diputado Bodart, ingresado bajo Expediente N\u00ba A1397-2014\/0, recay\u00f3 en el Juzgado N\u00ba 1 Secretar\u00eda 1, a cargo de la jueza Elena Liberatori.<\/span><\/p>\n","protected":false},"excerpt":{"rendered":"<p>En el mediod\u00eda de ayer , el legislador Alejandro Bodart (MST-Nueva Izquierda) present\u00f3 en la Justicia en lo Contencioso Administrativo y Tributario porte\u00f1a su amparo contra la suba del subte a 4.50 pesos. Al salir, Bodart expres\u00f3: \u00abEspero que la justicia atienda las razones que planteo y antes del viernes 14 suspenda este nuevo tarifazo [&hellip;]<\/p>\n","protected":false},"author":2,"featured_media":22655,"comment_status":"open","ping_status":"open","sticky":false,"template":"","format":"standard","meta":{"_et_pb_use_builder":"","_et_pb_old_content":"","_et_gb_content_width":"","footnotes":""},"categories":[11,44],"tags":[],"class_list":["post-25738","post","type-post","status-publish","format-standard","has-post-thumbnail","hentry","category-ciudad","category-funcionarios-de-la-caba"],"_links":{"self":[{"href":"https:\/\/vocesdebaires.com.ar\/index.php\/wp-json\/wp\/v2\/posts\/25738"}],"collection":[{"href":"https:\/\/vocesdebaires.com.ar\/index.php\/wp-json\/wp\/v2\/posts"}],"about":[{"href":"https:\/\/vocesdebaires.com.ar\/index.php\/wp-json\/wp\/v2\/types\/post"}],"author":[{"embeddable":true,"href":"https:\/\/vocesdebaires.com.ar\/index.php\/wp-json\/wp\/v2\/users\/2"}],"replies":[{"embeddable":true,"href":"https:\/\/vocesdebaires.com.ar\/index.php\/wp-json\/wp\/v2\/comments?post=25738"}],"version-history":[{"count":0,"href":"https:\/\/vocesdebaires.com.ar\/index.php\/wp-json\/wp\/v2\/posts\/25738\/revisions"}],"wp:featuredmedia":[{"embeddable":true,"href":"https:\/\/vocesdebaires.com.ar\/index.php\/wp-json\/wp\/v2\/media\/22655"}],"wp:attachment":[{"href":"https:\/\/vocesdebaires.com.ar\/index.php\/wp-json\/wp\/v2\/media?parent=25738"}],"wp:term":[{"taxonomy":"category","embeddable":true,"href":"https:\/\/vocesdebaires.com.ar\/index.php\/wp-json\/wp\/v2\/categories?post=25738"},{"taxonomy":"post_tag","embeddable":true,"href":"https:\/\/vocesdebaires.com.ar\/index.php\/wp-json\/wp\/v2\/tags?post=25738"}],"curies":[{"name":"wp","href":"https:\/\/api.w.org\/{rel}","templated":true}]}}