{"id":25747,"date":"2014-03-11T21:13:31","date_gmt":"2014-03-12T00:13:31","guid":{"rendered":"http:\/\/vocesdebaires.com.ar\/wordpress\/index.php\/2014\/03\/11\/legislaturaaudiencia-publica-y-nuevo-centro-de-exposiciones-2\/"},"modified":"2014-03-11T21:13:31","modified_gmt":"2014-03-12T00:13:31","slug":"legislaturaaudiencia-publica-y-nuevo-centro-de-exposiciones-2","status":"publish","type":"post","link":"https:\/\/vocesdebaires.com.ar\/index.php\/2014\/03\/11\/legislaturaaudiencia-publica-y-nuevo-centro-de-exposiciones-2\/","title":{"rendered":"Legislatura:Audiencia P\u00fablica y nuevo Centro de Exposiciones"},"content":{"rendered":"<p><span style=\"line-height: 1.3em;\">La primera Audiencia P\u00fablica sobre la tem\u00e1tica de Planeamiento Urbano realizada esta tarde fue en referencia al proyecto de ley que promueve la construcci\u00f3n de un nuevo Centro de Exposiciones y Convenciones de la Ciudad de Buenos Aires, en reemplazo del existente Centro Municipal de Exposiciones.<\/span><span style=\"line-height: 1.3em;\">La convocatoria fue encabezada por las diputadas y diputados Karina Spalla, presidenta de la Comisi\u00f3n de Planeamiento Urbano, Gabriela Seijo, Agust\u00edn Forchieri, Mar\u00eda Victoria Morales Gorleri y Federico Salvai del PRO y Mar\u00eda Eugenia Estenssoro de SUMA +. La iniciativa fue apoyada en general por los participantes, aunque algunos solicitaron mayores estudios de impacto ambiental y participaci\u00f3n de la Comuna 2.<\/span><\/p>\n<p>El proyecto contempla desarrollar el nuevo Centro de Exposiciones y Convenciones en el predio colindante al anterior en las Manzanas 178 A, 175 B y 175 C, Secci\u00f3n 15, Circunscripci\u00f3n 19. Por sobre los espacios destinados al nuevo Centro se plantean nuevos espacios verdes que conformar\u00e1n un gran parque p\u00fablico que complementar\u00e1n los existentes: el Parque Thays y la Plaza de las Naciones Unidas.<\/p>\n<p>Dentro de este nuevo Parque \u00a0la Facultad de Derecho y Ciencias Sociales de la Universidad de Buenos Aires, ser\u00eda, de aprobarse la ley en forma definitiva, zonificada \u00a0como Distrito E4 \u2013 44, en tanto que este Distrito se condice con el car\u00e1cter de Equipamiento Singular de la Ciudad. El sector en el que actualmente se localiza el Centro Municipal de Exposiciones ser\u00edan zonificados como Distrito Urbanizaci\u00f3n Parque, con el objeto de su integraci\u00f3n paisaj\u00edstica.<\/p>\n<p>Durante el an\u00e1lisis del proyecto esta tarde, la integrante de la Junta Comunal N\u00ba 2, Gabriela Castillo, manifest\u00f3 el apoyo a la construcci\u00f3n aunque consider\u00f3 que \u00abse incumpli\u00f3 la ley de comunas\u00bb porque no se traslad\u00f3 el proyecto a la Comuna para ser analizado. El abogado Jonatan Baldiviezo, ambientalista, consider\u00f3 que no era pertinente analizar en Audiencia P\u00fablica el proyecto \u00abcuando ya se licit\u00f3 y adjudic\u00f3 la obra, sino que debi\u00f3 haberse hecho la Audiencia previamente\u00bb. Otros participantes solicitaron m\u00e1s estudios de impacto ambiental. En tanto representantes de 50 empresas que se dedican al llamado \u00abturismo de reuniones\u00bb se pronunciaron a favor de la construcci\u00f3n.<\/p>\n<p><span style=\"line-height: 1.3em;\">Rezonificaci\u00f3n del Barrio de Villa Devoto<\/span><\/p>\n<p>La segunda Audiencia referida a la rezonificaci\u00f3n y catalogaci\u00f3n del Barrio de Villa Devoto, encabezada por los mismos legisladores que la anterior, cont\u00f3 con la participaci\u00f3n de vecinos de la zona que se dividieron a favor y en contra del proyecto de ley.<\/p>\n<p>El proyecto contempla las caracter\u00edsticas m\u00e1s distintivas del barrio como las avenidas y calles arboladas, los bulevares y las residencias de baja altura con jardines delanteros, elementos que, en conjunto, le otorgan a este \u00e1mbito un valor singular.<\/p>\n<p>El reconocimiento de estas caracter\u00edsticas diferenciales ha llevado a que, cuando se reform\u00f3 el C\u00f3digo de Planeamiento Urbano en el a\u00f1o 2000 (Ley 449), se incorporar\u00e1n al entorno de la Plaza Arenales y al Seminario Conciliar como \u00c1reas de Protecci\u00f3n Hist\u00f3rico. El proyecto en cuesti\u00f3n propone la ampliaci\u00f3n del APH 36 \u201cPlaza Arenales y entorno\u201d incorporando el sector aleda\u00f1o a la estaci\u00f3n Devoto del ex ferrocarril Gral. San Mart\u00edn.<span style=\"line-height: 1.3em;\">Propone tambi\u00e9n la catalogaci\u00f3n de los inmuebles m\u00e1s significativos del barrio, localizados dentro y fuera de las \u00c1reas de Protecci\u00f3n Hist\u00f3rica, entre los que se encuentran la Escuela Antonio Devoto, el Hospital Zubizarreta, la Parroquia San Antonio de Padua, el Colegio Misericordia y la \u201cCasa de la Villa\u201d, entre otros.<\/span><\/p>\n<p>Algunos de los vecinos participantes apoyaron la iniciativa legislativa bas\u00e1ndose en los fundamentos de la misma y otros se opusieron a que sea aprobada en forma definitiva, con la redacci\u00f3n actual. En ese sentido, no estuvieron de acuerdo en que considere una zona \u00e1rea de protecci\u00f3n historiad APH, en forma indiscriminada sino en forma particularizada seg\u00fan las construcciones y tambi\u00e9n se opusieron a que se estipulen los 12 metros como tope de altura de las construcciones, cuando actualmente llegan hasta casi los 15, entre otros argumentos.<\/p>\n","protected":false},"excerpt":{"rendered":"<p>La primera Audiencia P\u00fablica sobre la tem\u00e1tica de Planeamiento Urbano realizada esta tarde fue en referencia al proyecto de ley que promueve la construcci\u00f3n de un nuevo Centro de Exposiciones y Convenciones de la Ciudad de Buenos Aires, en reemplazo del existente Centro Municipal de Exposiciones.La convocatoria fue encabezada por las diputadas y diputados Karina [&hellip;]<\/p>\n","protected":false},"author":2,"featured_media":22672,"comment_status":"open","ping_status":"open","sticky":false,"template":"","format":"standard","meta":{"_et_pb_use_builder":"","_et_pb_old_content":"","_et_gb_content_width":"","footnotes":""},"categories":[11,44],"tags":[],"class_list":["post-25747","post","type-post","status-publish","format-standard","has-post-thumbnail","hentry","category-ciudad","category-funcionarios-de-la-caba"],"_links":{"self":[{"href":"https:\/\/vocesdebaires.com.ar\/index.php\/wp-json\/wp\/v2\/posts\/25747"}],"collection":[{"href":"https:\/\/vocesdebaires.com.ar\/index.php\/wp-json\/wp\/v2\/posts"}],"about":[{"href":"https:\/\/vocesdebaires.com.ar\/index.php\/wp-json\/wp\/v2\/types\/post"}],"author":[{"embeddable":true,"href":"https:\/\/vocesdebaires.com.ar\/index.php\/wp-json\/wp\/v2\/users\/2"}],"replies":[{"embeddable":true,"href":"https:\/\/vocesdebaires.com.ar\/index.php\/wp-json\/wp\/v2\/comments?post=25747"}],"version-history":[{"count":0,"href":"https:\/\/vocesdebaires.com.ar\/index.php\/wp-json\/wp\/v2\/posts\/25747\/revisions"}],"wp:featuredmedia":[{"embeddable":true,"href":"https:\/\/vocesdebaires.com.ar\/index.php\/wp-json\/wp\/v2\/media\/22672"}],"wp:attachment":[{"href":"https:\/\/vocesdebaires.com.ar\/index.php\/wp-json\/wp\/v2\/media?parent=25747"}],"wp:term":[{"taxonomy":"category","embeddable":true,"href":"https:\/\/vocesdebaires.com.ar\/index.php\/wp-json\/wp\/v2\/categories?post=25747"},{"taxonomy":"post_tag","embeddable":true,"href":"https:\/\/vocesdebaires.com.ar\/index.php\/wp-json\/wp\/v2\/tags?post=25747"}],"curies":[{"name":"wp","href":"https:\/\/api.w.org\/{rel}","templated":true}]}}