{"id":25748,"date":"2014-03-11T21:27:59","date_gmt":"2014-03-12T00:27:59","guid":{"rendered":"http:\/\/vocesdebaires.com.ar\/wordpress\/index.php\/2014\/03\/11\/legislatura-audiencia-publica-por-monumento-al-cura-brochero-2\/"},"modified":"2014-03-11T21:27:59","modified_gmt":"2014-03-12T00:27:59","slug":"legislatura-audiencia-publica-por-monumento-al-cura-brochero-2","status":"publish","type":"post","link":"https:\/\/vocesdebaires.com.ar\/index.php\/2014\/03\/11\/legislatura-audiencia-publica-por-monumento-al-cura-brochero-2\/","title":{"rendered":"Legislatura: Audiencia P\u00fablica por monumento al Cura Brochero"},"content":{"rendered":"<p><span style=\"line-height: 1.3em;\">El emplazamiento de un monumento al \u00abCura Brochero\u00bb en la Plazoleta situada en las calles avenida de los Corrales y Timoteo Gordillo fue tratado durante la Audiencia P\u00fablica realizada hoy a las 14 horas. Estuvieron presentes las diputadas L\u00eda Rueda, Raquel Herrero. Cecilia De la Torre y el diputado Daniel Lipovetzky (PRO).<\/span><span style=\"line-height: 1.3em;\">Uno de los cuatro inscriptos que se present\u00f3 para dar sus fundamentos fue el padre Carlos Manuel Otero, quien explic\u00f3 c\u00f3mo surgi\u00f3 la idea del monumento y habl\u00f3 de la vida del cura Brochero: \u00abes recordado por su gente como el cura gaucho. Siempre luch\u00f3 por los que menos ten\u00edan\u00bb, asegur\u00f3.<\/span><\/p>\n<p><span style=\"line-height: 1.3em;\">El Padre Brochero tom\u00f3 los h\u00e1bitos de sacerdote a los 26 a\u00f1os de edad en 1866 y el 10 de diciembre del mismo a\u00f1o da su primera misa. Brochero colabor\u00f3 en 1867 a socorrer los enfermos y moribundos de la epidemia de c\u00f3lera que azota a la ciudad de C\u00f3rdoba. En 1869 parte de la ciudad de C\u00f3rdoba para hacerse cargo del curato de San Alberto, actualmente conocido como el valle de Traslasierra, instalado en la localidad de Villa del Tr\u00e1nsito. All\u00ed inici\u00f3 su misi\u00f3n edificando la \u00abCasa de Ejercicios Espirituales de Traslasierra\u00bb. Organiz\u00f3 a los pobladores de esa regi\u00f3n, entonces muy apartada, construyendo con los vecinos el llamado camino de las altas cumbres, incluyendo interesantes puentes de piedra, que al cabo de 200 km uni\u00f3 la poblaci\u00f3n de Villa del Tr\u00e1nsito (actual Villa Cura Brochero) con la ciudad de C\u00f3rdoba.<\/span><\/p>\n<p><span style=\"line-height: 1.3em;\">En su vejez el Cura Brochero enferm\u00f3 de lepra, que lo dej\u00f3 sordo y ciego. A\u00f1os despu\u00e9s de su entierro se encontr\u00f3 que su cuerpo estaba incorrupto, y en el mes de marzo de 2009 el arzobispo de C\u00f3rdoba, monse\u00f1or Carlos \u00d1\u00e1\u00f1ez, abri\u00f3 el proceso que analiz\u00f3 un presunto milagro atribuido a la intercesi\u00f3n del Cura Brochero. En el a\u00f1o 2012 el Decreto de beatificaci\u00f3n del Cura Brochero fue firmado el 20 de diciembre por el Papa Benedicto XVI. La Iglesia Argentina celebr\u00f3 este avance en la causa de beatificaci\u00f3n ya que se espera poder pronto nombrarlo patrono de los Sacerdotes.<\/span><\/p>\n<p>\u00abSan Francisco de As\u00eds\u00bb en Flores<\/p>\n<p><span style=\"line-height: 1.3em;\">M\u00e1s tarde se realiz\u00f3 la Audiencia P\u00fablica para denominar \u00abSan Francisco de As\u00eds\u00bb al cantero central sito en la calle Francisco Bilbao, entre Culpina y la Avenida Lafuente, en el barrio porte\u00f1o de Flores. No hubo inscriptos ni expositores.<\/span><\/p>\n<p><span style=\"line-height: 1.3em;\">Francisco de As\u00eds naci\u00f3 en Italia bajo el nombre de Giovanni y predic\u00f3 la pobreza como un valor y propuso un modo de vida sencillo basado en los ideales de los Evangelios. El papa Inocencio III aprob\u00f3 su modelo de vida religiosa, le concedi\u00f3 permiso para predicar y lo orden\u00f3 di\u00e1cono. Con el tiempo, el n\u00famero de sus adeptos fue aumentando y Francisco comenz\u00f3 a formar una orden religiosa, la de los franciscanos. Tambi\u00e9n se dedic\u00f3 a la vida contemplativa, y durante este retiro fue que recibi\u00f3 los estigmas (las heridas de Cristo en su propio cuerpo). Muri\u00f3 el 3 de octubre de 1226, despu\u00e9s de una larga enfermedad, a la edad de 44 a\u00f1os y fue canonizado dos a\u00f1os despu\u00e9s de su muerte. Sus sucesores lo admiraron tanto por ser ejemplo de austeridad como por su sensibilidad po\u00e9tica.<\/span><\/p>\n<p>Espacio verde llamado \u00abDr. Arturo O\u00f1ativia\u00bb<\/p>\n<p>En tanto, la Audiencia P\u00fablica para denominar \u00abDr. Arturo O\u00f1ativia\u00bb al espacio verde sin denominaci\u00f3n oficial ubicado en la calle Uspallata entre Monteagudo e Iguaz\u00fa comenz\u00f3 a las 15 horas en el Sal\u00f3n Presidente Per\u00f3n y expusieron sus argumentos dos personas.<\/p>\n<p>Inglaterra por Pasaje 2 de abril de 1982<\/p>\n<p>Por otro lado, se debati\u00f3 la sustituci\u00f3n del nombre de la calle \u00abInglaterra\u00bb por el de \u00abPasaje 2 de abril de 1982\u00bb. El Sr. Luis C\u00faneo, uno de los miembros de la Junta Comunal N\u00ba 15, fue el \u00fanico expositor y adem\u00e1s se presentaron los 11 inscriptos que estaban pautados para la Audiencia.<span style=\"line-height: 1.3em;\">\u00abConsidero importante promover el cambio de nombre oficial de dicha calle, a los fines de canalizar el inter\u00e9s de los vecinos particularmente y el de todos los ciudadanos porte\u00f1os en el sentimiento que nos merece el homenaje a todos los ca\u00eddos en las Islas Malvinas, que son y siempre ser\u00e1n argentinas\u00bb, afirm\u00f3 en sus fundamentos el diputado impulsor de la propuesta, Fernando de Andreis (PRO).<\/span><\/p>\n<p><span style=\"line-height: 1.3em;\">Foto: \u00a0 La mesa principal estuvo conformada por Raquel Herrero, L\u00eda Rueda, Cecilia De la Torre y Daniel Lipovetzky (PRO).<\/span><\/p>\n","protected":false},"excerpt":{"rendered":"<p>El emplazamiento de un monumento al \u00abCura Brochero\u00bb en la Plazoleta situada en las calles avenida de los Corrales y Timoteo Gordillo fue tratado durante la Audiencia P\u00fablica realizada hoy a las 14 horas. Estuvieron presentes las diputadas L\u00eda Rueda, Raquel Herrero. Cecilia De la Torre y el diputado Daniel Lipovetzky (PRO).Uno de los cuatro [&hellip;]<\/p>\n","protected":false},"author":2,"featured_media":22674,"comment_status":"open","ping_status":"open","sticky":false,"template":"","format":"standard","meta":{"_et_pb_use_builder":"","_et_pb_old_content":"","_et_gb_content_width":"","footnotes":""},"categories":[11,44],"tags":[],"class_list":["post-25748","post","type-post","status-publish","format-standard","has-post-thumbnail","hentry","category-ciudad","category-funcionarios-de-la-caba"],"_links":{"self":[{"href":"https:\/\/vocesdebaires.com.ar\/index.php\/wp-json\/wp\/v2\/posts\/25748"}],"collection":[{"href":"https:\/\/vocesdebaires.com.ar\/index.php\/wp-json\/wp\/v2\/posts"}],"about":[{"href":"https:\/\/vocesdebaires.com.ar\/index.php\/wp-json\/wp\/v2\/types\/post"}],"author":[{"embeddable":true,"href":"https:\/\/vocesdebaires.com.ar\/index.php\/wp-json\/wp\/v2\/users\/2"}],"replies":[{"embeddable":true,"href":"https:\/\/vocesdebaires.com.ar\/index.php\/wp-json\/wp\/v2\/comments?post=25748"}],"version-history":[{"count":0,"href":"https:\/\/vocesdebaires.com.ar\/index.php\/wp-json\/wp\/v2\/posts\/25748\/revisions"}],"wp:featuredmedia":[{"embeddable":true,"href":"https:\/\/vocesdebaires.com.ar\/index.php\/wp-json\/wp\/v2\/media\/22674"}],"wp:attachment":[{"href":"https:\/\/vocesdebaires.com.ar\/index.php\/wp-json\/wp\/v2\/media?parent=25748"}],"wp:term":[{"taxonomy":"category","embeddable":true,"href":"https:\/\/vocesdebaires.com.ar\/index.php\/wp-json\/wp\/v2\/categories?post=25748"},{"taxonomy":"post_tag","embeddable":true,"href":"https:\/\/vocesdebaires.com.ar\/index.php\/wp-json\/wp\/v2\/tags?post=25748"}],"curies":[{"name":"wp","href":"https:\/\/api.w.org\/{rel}","templated":true}]}}