{"id":25751,"date":"2014-03-12T12:44:32","date_gmt":"2014-03-12T15:44:32","guid":{"rendered":"http:\/\/vocesdebaires.com.ar\/wordpress\/index.php\/2014\/03\/12\/legislatura-portena-juraron-los-nuevos-subsecretarios-2\/"},"modified":"2014-03-12T12:44:32","modified_gmt":"2014-03-12T15:44:32","slug":"legislatura-portena-juraron-los-nuevos-subsecretarios-2","status":"publish","type":"post","link":"https:\/\/vocesdebaires.com.ar\/index.php\/2014\/03\/12\/legislatura-portena-juraron-los-nuevos-subsecretarios-2\/","title":{"rendered":"Legislatura porte\u00f1a: Juraron los nuevos Subsecretarios"},"content":{"rendered":"<p><span style=\"line-height: 1.3em;\">El Vicepresidente 1\u00ba, Cristian Ritondo, puso en funciones este martes 11\/03 a los nuevos Subsecretarios de la Legislatura de la Ciudad Buenos Aires. As\u00ed Roberto Vila, asumi\u00f3 la Subsecretar\u00eda de Gesti\u00f3n Administrativa (decreto 23\/2014) que a partir de ahora tendr\u00e1 a su cargo la Direcci\u00f3n General de Servicios Operativos, Esther \u00abNiti\u00bb Iglesias, quien se hizo cargo de la Subsecretar\u00eda de Comunas (decreto 22\/2014) y Sebasti\u00e1n Demiryi, quien representaci\u00f3n del Frente para la Victoria, ser\u00e1 el nuevo Subsecretario de Cooordinaci\u00f3n (decreto 21\/2014). <\/span><\/p>\n<p><span style=\"line-height: 1.3em;\">La jura se llev\u00f3 a cabo en el Sal\u00f3n Eva Per\u00f3n, y en la oportunidad Cristian Ritondo se\u00f1al\u00f3 \u00abLos felicito y a la vez, los exhorto a desempe\u00f1arse con lealtad, con honestidad, con eficacia, con verdadera actitud de servicio. Hoy asumieron tres peronistas\u00bb<\/span><span style=\"line-height: 1.3em;\">Agreg\u00f3 \u00abLa Ciudad necesita de todos nosotros. Nuestro \u00fanico sue\u00f1o es mejorar la calidad de vida de todos los habitantes de la Ciudad\u00bb.<\/span><\/p>\n<p><span style=\"line-height: 1.3em;\">Finalmente Ritondo se\u00f1al\u00f3 que estas tres subsecretarias \u00abson \u00e1reas que necesitamos jerarquizar porque forman parte fundamental en la estructura de nuestra regencia como Vicepresidente 1\u00ba de esta querida Legislatura\u00bb.<\/span><span style=\"line-height: 1.3em;\">Con la jura de los nuevos funcionarios se completaron todas las designaciones en el marco de la nueva composici\u00f3n pol\u00edtica de la Legislatura a partir del pasado 10 de diciembre.<\/span><span style=\"line-height: 1.3em;\">Finalizada la jura de los funcionarios, Ritondo le entreg\u00f3 un ramo de flores a la flamante Subsecretaria Esther \u00abNiti\u00bb Iglesias. <\/span><\/p>\n<p><span style=\"line-height: 1.3em;\">Estuvieron presentes en el acto, la presidente del bloque del PRO, Carmen Polledo, los diputados del PRO, Jorge Garayalde, Alejandro Garc\u00eda, Roberto Quattromano, Gabriela Seijo, Lia Rueda y Agust\u00edn Forchieri, del Frente para la Victoria, Jorge Taiana y Mar\u00eda Rachid. Tambi\u00e9n, los Secretarios de Administrativa, Marcelo Sosa y Parlamentario, Carlos \u00abPerico\u00bb P\u00e9rez, entre otros funcionarios, directores y presidentes comunales presentes. <\/span><\/p>\n<p><span style=\"line-height: 1.3em;\">Foto \u00a0(Sosa, Vila, Iglesias,Ritondo, Demiryi, Polledo y Taina)<\/span><\/p>\n","protected":false},"excerpt":{"rendered":"<p>El Vicepresidente 1\u00ba, Cristian Ritondo, puso en funciones este martes 11\/03 a los nuevos Subsecretarios de la Legislatura de la Ciudad Buenos Aires. As\u00ed Roberto Vila, asumi\u00f3 la Subsecretar\u00eda de Gesti\u00f3n Administrativa (decreto 23\/2014) que a partir de ahora tendr\u00e1 a su cargo la Direcci\u00f3n General de Servicios Operativos, Esther \u00abNiti\u00bb Iglesias, quien se hizo [&hellip;]<\/p>\n","protected":false},"author":2,"featured_media":22680,"comment_status":"open","ping_status":"open","sticky":false,"template":"","format":"standard","meta":{"_et_pb_use_builder":"","_et_pb_old_content":"","_et_gb_content_width":"","footnotes":""},"categories":[11,44],"tags":[],"class_list":["post-25751","post","type-post","status-publish","format-standard","has-post-thumbnail","hentry","category-ciudad","category-funcionarios-de-la-caba"],"_links":{"self":[{"href":"https:\/\/vocesdebaires.com.ar\/index.php\/wp-json\/wp\/v2\/posts\/25751"}],"collection":[{"href":"https:\/\/vocesdebaires.com.ar\/index.php\/wp-json\/wp\/v2\/posts"}],"about":[{"href":"https:\/\/vocesdebaires.com.ar\/index.php\/wp-json\/wp\/v2\/types\/post"}],"author":[{"embeddable":true,"href":"https:\/\/vocesdebaires.com.ar\/index.php\/wp-json\/wp\/v2\/users\/2"}],"replies":[{"embeddable":true,"href":"https:\/\/vocesdebaires.com.ar\/index.php\/wp-json\/wp\/v2\/comments?post=25751"}],"version-history":[{"count":0,"href":"https:\/\/vocesdebaires.com.ar\/index.php\/wp-json\/wp\/v2\/posts\/25751\/revisions"}],"wp:featuredmedia":[{"embeddable":true,"href":"https:\/\/vocesdebaires.com.ar\/index.php\/wp-json\/wp\/v2\/media\/22680"}],"wp:attachment":[{"href":"https:\/\/vocesdebaires.com.ar\/index.php\/wp-json\/wp\/v2\/media?parent=25751"}],"wp:term":[{"taxonomy":"category","embeddable":true,"href":"https:\/\/vocesdebaires.com.ar\/index.php\/wp-json\/wp\/v2\/categories?post=25751"},{"taxonomy":"post_tag","embeddable":true,"href":"https:\/\/vocesdebaires.com.ar\/index.php\/wp-json\/wp\/v2\/tags?post=25751"}],"curies":[{"name":"wp","href":"https:\/\/api.w.org\/{rel}","templated":true}]}}