{"id":25753,"date":"2014-03-13T12:09:12","date_gmt":"2014-03-13T15:09:12","guid":{"rendered":"http:\/\/vocesdebaires.com.ar\/wordpress\/index.php\/2014\/03\/13\/audiencia-publicapolicia-de-la-ciudad-en-los-cementerios-2\/"},"modified":"2014-03-13T12:09:12","modified_gmt":"2014-03-13T15:09:12","slug":"audiencia-publicapolicia-de-la-ciudad-en-los-cementerios-2","status":"publish","type":"post","link":"https:\/\/vocesdebaires.com.ar\/index.php\/2014\/03\/13\/audiencia-publicapolicia-de-la-ciudad-en-los-cementerios-2\/","title":{"rendered":"Audiencia p\u00fablica:Polic\u00eda de la ciudad en los cementerios"},"content":{"rendered":"<p><span style=\"line-height: 1.3em;\">Las comisiones de Cultura y de Presupuesto firmaron en octubre del a\u00f1o pasado la adhesi\u00f3n a un dictamen de mayor\u00eda refrendado por la Comisi\u00f3n de Obras y Servicios P\u00fablicos que propone implementar un nuevo \u00abR\u00e9gimen Jur\u00eddico y Poder de Polic\u00eda en materia mortuoria en los cementerios de la Ciudad Aut\u00f3noma de Buenos Aires\u00bb. El proyecto tuvo aprobaci\u00f3n inicial y hoy se realiz\u00f3 la Audiencia P\u00fablica en la que estuvieron presentes los diputados Enzo Pagani, Alejandro Garc\u00eda, Jorge Garayalde, Agust\u00edn Forchieri, L\u00eda Rueda (PRO), Paula Oliveto (CC) y Cristina Garc\u00eda (CP).<\/span><\/p>\n<p><span style=\"line-height: 1.3em;\">Se debati\u00f3 el proyecto de ley que pretende establecer el poder de polic\u00eda en materia mortuoria, en lo que respecta a la inhumaci\u00f3n y cremaci\u00f3n de cad\u00e1veres, as\u00ed como en el ordenamiento de los servicios funerarios a cargo de empresas que operan en el rubro, y el control del funcionamiento de los velatorios. Adem\u00e1s, su posible sanci\u00f3n introducir\u00eda modificaciones al r\u00e9gimen jur\u00eddico actual en virtud de la constante evoluci\u00f3n que experimenta la sociedad en general y el Estado local en particular, con la finalidad de agilizar la gesti\u00f3n de los tr\u00e1mites que deben realizar los vecinos. Miembros de la Asociaci\u00f3n Amigos de la Recoleta se inscribieron y expusieron sus argumentos.<\/span><\/p>\n<p><span style=\"line-height: 1.3em;\">El expediente en tratamiento es el 788-2013 propiciado por el Jefe de Gobierno, Mauricio Macri y entre los principales puntos plantea redefinir y adecuar la facultad para transferir los derechos sobre nichos, sepulturas y b\u00f3vedas, bajo determinadas circunstancias y mediante la expresa voluntad del arrendatario o concesionario. Por otra parte, producir\u00eda la modificaci\u00f3n de plazos para el arrendamiento de nichos y sepulturas con el objeto de adaptar la normativa a las presentes necesidades de la sociedad y la disponibilidad de los cementerios de la Ciudad de Buenos Aires. Tambi\u00e9n se propone crear un registro de concesiones y arrendamientos para el debido resguardo de los datos correspondientes a las concesiones de b\u00f3vedas y panteones y el arrendamiento de nichos y sepulturas.<\/span><\/p>\n<p><span style=\"line-height: 1.3em;\">En la Ley que tiene aprobaci\u00f3n inicial se introduce un cap\u00edtulo referido a los monumentos hist\u00f3ricos construidos para los cuales se fijan pautas para su resguardo, la consideraci\u00f3n de sus cualidades edilicias o constructivas, con la intervenci\u00f3n de la Comisi\u00f3n de Preservaci\u00f3n del Patrimonio Hist\u00f3rico y Cultural del Gobierno de la Ciudad Aut\u00f3noma de Buenos Aires. Asimismo se propone instaurar un r\u00e9gimen de ordenamiento de las actividades culturales y tur\u00edsticas en los cementerios de la Ciudad el que prev\u00e9 un fondo de garant\u00eda tur\u00edstica destinado al mantenimiento y conservaci\u00f3n del patrimonio arquitect\u00f3nico, hist\u00f3rico y cultural. En este sentido, Martha Susana Salas de Siegrist, presidente de la Asociaci\u00f3n Amigos del Cementerio de la Recoleta, se\u00f1al\u00f3 que dentro de la Ley deber\u00eda haber ciertas modificaciones relacionadas con el Gobier no de la Ciudad y la Asociaci\u00f3n civil.<\/span><\/p>\n<p><span style=\"line-height: 1.3em;\">En los fundamentos se se\u00f1ala que la propuesta tiende a garantizar la dignidad en el trato y respeto del difunto y los deudos, resguarda la oportunidad de entierro digno para todos los habitantes de la Ciudad, asegura el respeto por la diversidad de cultos, religiones, las costumbres y creencias, promueve el mantenimiento de la Higiene Ambiental, realza el \u00a0valor patrimonial y cultural de las Necr\u00f3polis del Gobierno de la Ciudad Aut\u00f3noma de Buenos Aires e incentiva y propende a mejorar la calidad en las prestaciones de los servicios funerarios p\u00fablicos y privados.<\/span><\/p>\n<p>Foto : La mesa principal conformada por Pagani, Oliveto, Garc\u00eda, Forchieri, Rueda, Cristina Garc\u00eda y Garayalde.<\/p>\n","protected":false},"excerpt":{"rendered":"<p>Las comisiones de Cultura y de Presupuesto firmaron en octubre del a\u00f1o pasado la adhesi\u00f3n a un dictamen de mayor\u00eda refrendado por la Comisi\u00f3n de Obras y Servicios P\u00fablicos que propone implementar un nuevo \u00abR\u00e9gimen Jur\u00eddico y Poder de Polic\u00eda en materia mortuoria en los cementerios de la Ciudad Aut\u00f3noma de Buenos Aires\u00bb. El proyecto [&hellip;]<\/p>\n","protected":false},"author":2,"featured_media":22684,"comment_status":"open","ping_status":"open","sticky":false,"template":"","format":"standard","meta":{"_et_pb_use_builder":"","_et_pb_old_content":"","_et_gb_content_width":"","footnotes":""},"categories":[11,44],"tags":[],"class_list":["post-25753","post","type-post","status-publish","format-standard","has-post-thumbnail","hentry","category-ciudad","category-funcionarios-de-la-caba"],"_links":{"self":[{"href":"https:\/\/vocesdebaires.com.ar\/index.php\/wp-json\/wp\/v2\/posts\/25753"}],"collection":[{"href":"https:\/\/vocesdebaires.com.ar\/index.php\/wp-json\/wp\/v2\/posts"}],"about":[{"href":"https:\/\/vocesdebaires.com.ar\/index.php\/wp-json\/wp\/v2\/types\/post"}],"author":[{"embeddable":true,"href":"https:\/\/vocesdebaires.com.ar\/index.php\/wp-json\/wp\/v2\/users\/2"}],"replies":[{"embeddable":true,"href":"https:\/\/vocesdebaires.com.ar\/index.php\/wp-json\/wp\/v2\/comments?post=25753"}],"version-history":[{"count":0,"href":"https:\/\/vocesdebaires.com.ar\/index.php\/wp-json\/wp\/v2\/posts\/25753\/revisions"}],"wp:featuredmedia":[{"embeddable":true,"href":"https:\/\/vocesdebaires.com.ar\/index.php\/wp-json\/wp\/v2\/media\/22684"}],"wp:attachment":[{"href":"https:\/\/vocesdebaires.com.ar\/index.php\/wp-json\/wp\/v2\/media?parent=25753"}],"wp:term":[{"taxonomy":"category","embeddable":true,"href":"https:\/\/vocesdebaires.com.ar\/index.php\/wp-json\/wp\/v2\/categories?post=25753"},{"taxonomy":"post_tag","embeddable":true,"href":"https:\/\/vocesdebaires.com.ar\/index.php\/wp-json\/wp\/v2\/tags?post=25753"}],"curies":[{"name":"wp","href":"https:\/\/api.w.org\/{rel}","templated":true}]}}