{"id":25763,"date":"2014-03-13T18:30:36","date_gmt":"2014-03-13T21:30:36","guid":{"rendered":"http:\/\/vocesdebaires.com.ar\/wordpress\/index.php\/2014\/03\/13\/conmemoracion-del-2-de-abril-2\/"},"modified":"2014-03-13T18:30:36","modified_gmt":"2014-03-13T21:30:36","slug":"conmemoracion-del-2-de-abril-2","status":"publish","type":"post","link":"https:\/\/vocesdebaires.com.ar\/index.php\/2014\/03\/13\/conmemoracion-del-2-de-abril-2\/","title":{"rendered":"Conmemoraci\u00f3n del 2 de abril"},"content":{"rendered":"<p><span style=\"line-height: 1.3em;\">La Legislatura porte\u00f1a conmemora el D\u00eda del Veterano y de los Ca\u00eddos en la Guerra de Malvinas e Islas del Atl\u00e1ntico Sur a celebrarse el pr\u00f3ximo 2 de abril. La diputada Mar\u00eda Rachid (FpV) y el diputado Claudio Palmeyro (PJ) son los autores de los proyectos.<\/span><\/p>\n<p><span style=\"line-height: 1.3em;\">Se cumplir\u00e1n 32 a\u00f1os del desembarco argentino en las Islas del Atl\u00e1ntico Sur que diera comienzo al conflicto b\u00e9lico entre nuestro pa\u00eds y el Reino Unido. Fue el comienzo de un plan de la Junta Militar por recuperar el territorio del Atl\u00e1ntico Sur que Inglaterra manten\u00eda ocupado desde 1833, a\u00f1o en el que esa naci\u00f3n tom\u00f3 las islas bajo su dominio, adjudic\u00e1ndose su descubrimiento y expulsando a las autoridades criollas que se encontraban all\u00ed desde la creaci\u00f3n del Virreinato del R\u00edo de la Plata. La guerra que se prolong\u00f3 hasta 14 de junio de 1982 dej\u00f3 como saldo alrededor de 650 argentinos muertos y 1082 heridos. Las islas volvieron al dominio brit\u00e1nico.<\/span><\/p>\n<p><span style=\"line-height: 1.3em;\">Saludo por asunci\u00f3n de Bachelet<\/span><\/p>\n<p><span style=\"line-height: 1.3em;\">El Cuerpo Parlamentario aprob\u00f3 el proyecto de declaraci\u00f3n que saluda al pueblo chileno por la consolidaci\u00f3n del proceso democr\u00e1tico tras la asunci\u00f3n de la Presidente Ver\u00f3nica Michelle Bachelet Jeria.<\/span><span style=\"line-height: 1.3em;\">El pasado 11 de marzo Michelle Bachelet asumi\u00f3 nuevamente la m\u00e1xima magistratura de la Rep\u00fablica de Chile tras un per\u00edodo de gobierno de Sebasti\u00e1n Pi\u00f1era. Es un elemento a destacar que por primera vez en la historia del pa\u00eds haya sido una mujer -nada menos que Isabel Allende, hija del expresidente de la Unidad Popular- quien le entregue los atributos presidenciales. La legisladora Virginia Gonz\u00e1lez Gass (PSA) es la impulsora del proyecto.<\/span><\/p>\n<p><span style=\"line-height: 1.3em;\">Aniversario del ataque a la Embajada de Israel<\/span><\/p>\n<p><span style=\"line-height: 1.3em;\">La Legislatura de la Ciudad Aut\u00f3noma de Buenos Aires expresa su profundo dolor . <\/span><span style=\"line-height: 1.3em;\">El 17 de marzo del a\u00f1o 1992 un atentado terrorista destruy\u00f3 la sede de la Embajada de Israel en la Argentina. El brutal ataque dej\u00f3 un saldo de 29 personas muertas y 350 heridas. \u00abHan pasado ya 22 a\u00f1os desde aquel d\u00eda en el que ocurri\u00f3 este atentado en el barrio de Recoleta y consideramos fundamental conmemorarlo, con el prop\u00f3sito de recordar las numerosas v\u00edctimas que perdieron abruptamente su vida y de solidarizarnos con sus familiares y allegados\/as no solo en mantener viva la memoria, sino en su incansable b\u00fasqueda de justicia\u00bb, sostuvo la diputada Mar\u00eda Rachid (FpV), autora del proyecto de declaraci\u00f3n.<\/span><\/p>\n<p><span style=\"line-height: 1.3em;\">Argentinos distinguidos con la Legi\u00f3n de Honor<\/span><\/p>\n<p><span style=\"line-height: 1.3em;\">Por otro lado, se aprob\u00f3 el benepl\u00e1cito por las condecoraciones con la Orden Oficial de la Legi\u00f3n de Honor otorgadas por la Rep\u00fablica Francesa a la titular de Abuelas de Plaza de Mayo, Estela de Carlotto, a la artista y diputada Susana Rinaldi y al historietista y dibujante Joaqu\u00edn Salvador Lavado Tej\u00f3n, m\u00e1s conocido como Quino.<\/span><span style=\"line-height: 1.3em;\">La Legi\u00f3n de Honor es la m\u00e1s alta y conocida de las distinciones que otorga la Rep\u00fablica Francesa a personas francesas o extranjeras por m\u00e9ritos extraordinarios en el \u00e1mbito civil o militar. El autor de la iniciativa fue el legislador An\u00edbal Ibarra (FPP).<\/span><\/p>\n<p><span style=\"line-height: 1.3em;\">Resolvieron crear dos nuevas comisiones<\/span><\/p>\n<p><span style=\"line-height: 1.3em;\">Se aprob\u00f3 la creaci\u00f3n de una Comisi\u00f3n Especial de hechos vinculados a la trata de personas que tendr\u00e1 las funciones y atribuciones de estudio, recopilar y sistematizar la informaci\u00f3n referida al objeto de la Comisi\u00f3n y relacionamiento con las ONG antitrata. Estar\u00e1 integrada por siete miembros, los que ser\u00e1n designados por la Vicepresidencia I de la Legislatura, respetando la proporcionalidad de los bloques expresada en la Comisi\u00f3n de Mujer, Infancia, Adolescencia y Juventud. El proyecto de resoluci\u00f3n fue presentado por el diputado Alejandro Garc\u00eda (PRO).<\/span><\/p>\n<p>Adem\u00e1s se resolvi\u00f3 la conformaci\u00f3n de una \u201cComisi\u00f3n Especial de Seguimiento de Prevenci\u00f3n de violencia institucional\u00bb que tiene por objeto aconsejar al Cuerpo sobre los hechos de violencia institucional producidos en el \u00e1mbito de la Ciudad Aut\u00f3noma de Buenos Aires. Tambi\u00e9n estar\u00e1 integrada por siete miembros, los que ser\u00e1n designados por la Vicepresidencia I de la Legislatura, respetando la proporcionalidad de los bloques expresada en la Comisi\u00f3n de Seguridad.<\/p>\n<p>La sesi\u00f3n encabezada por el Vicepresidente Primero, diputado Cristian Ritondo (PRO), comenz\u00f3 a las 12:20 hs y concluy\u00f3 a las 13 hs.<\/p>\n","protected":false},"excerpt":{"rendered":"<p>La Legislatura porte\u00f1a conmemora el D\u00eda del Veterano y de los Ca\u00eddos en la Guerra de Malvinas e Islas del Atl\u00e1ntico Sur a celebrarse el pr\u00f3ximo 2 de abril. La diputada Mar\u00eda Rachid (FpV) y el diputado Claudio Palmeyro (PJ) son los autores de los proyectos. Se cumplir\u00e1n 32 a\u00f1os del desembarco argentino en las [&hellip;]<\/p>\n","protected":false},"author":2,"featured_media":22703,"comment_status":"open","ping_status":"open","sticky":false,"template":"","format":"standard","meta":{"_et_pb_use_builder":"","_et_pb_old_content":"","_et_gb_content_width":"","footnotes":""},"categories":[11,44],"tags":[],"class_list":["post-25763","post","type-post","status-publish","format-standard","has-post-thumbnail","hentry","category-ciudad","category-funcionarios-de-la-caba"],"_links":{"self":[{"href":"https:\/\/vocesdebaires.com.ar\/index.php\/wp-json\/wp\/v2\/posts\/25763"}],"collection":[{"href":"https:\/\/vocesdebaires.com.ar\/index.php\/wp-json\/wp\/v2\/posts"}],"about":[{"href":"https:\/\/vocesdebaires.com.ar\/index.php\/wp-json\/wp\/v2\/types\/post"}],"author":[{"embeddable":true,"href":"https:\/\/vocesdebaires.com.ar\/index.php\/wp-json\/wp\/v2\/users\/2"}],"replies":[{"embeddable":true,"href":"https:\/\/vocesdebaires.com.ar\/index.php\/wp-json\/wp\/v2\/comments?post=25763"}],"version-history":[{"count":0,"href":"https:\/\/vocesdebaires.com.ar\/index.php\/wp-json\/wp\/v2\/posts\/25763\/revisions"}],"wp:featuredmedia":[{"embeddable":true,"href":"https:\/\/vocesdebaires.com.ar\/index.php\/wp-json\/wp\/v2\/media\/22703"}],"wp:attachment":[{"href":"https:\/\/vocesdebaires.com.ar\/index.php\/wp-json\/wp\/v2\/media?parent=25763"}],"wp:term":[{"taxonomy":"category","embeddable":true,"href":"https:\/\/vocesdebaires.com.ar\/index.php\/wp-json\/wp\/v2\/categories?post=25763"},{"taxonomy":"post_tag","embeddable":true,"href":"https:\/\/vocesdebaires.com.ar\/index.php\/wp-json\/wp\/v2\/tags?post=25763"}],"curies":[{"name":"wp","href":"https:\/\/api.w.org\/{rel}","templated":true}]}}