{"id":25764,"date":"2014-03-13T19:51:08","date_gmt":"2014-03-13T22:51:08","guid":{"rendered":"http:\/\/vocesdebaires.com.ar\/wordpress\/index.php\/2014\/03\/13\/puente-de-la-mujerplaca-en-honor-a-anahi-garnica-2\/"},"modified":"2014-03-13T19:51:08","modified_gmt":"2014-03-13T22:51:08","slug":"puente-de-la-mujerplaca-en-honor-a-anahi-garnica-2","status":"publish","type":"post","link":"https:\/\/vocesdebaires.com.ar\/index.php\/2014\/03\/13\/puente-de-la-mujerplaca-en-honor-a-anahi-garnica-2\/","title":{"rendered":"Puente de la Mujer:Placa en honor a Anah\u00ed Garnica"},"content":{"rendered":"<p>Por iniciativa de la Diputada del Pro Mar\u00eda Raquel Herrero, la Legislatura de la Ciudad Aut\u00f3noma de Buenos Aires vot\u00f3 por unanimidad una resoluci\u00f3n para que se disponga la colocaci\u00f3n de una placa en honor a Anah\u00ed Garnica en el Puente de la Mujer.<\/p>\n<p><span style=\"line-height: 1.3em;\">Anah\u00ed Garnica fue la primer bombero femenino de la Superintendencia Federal de Bomberos de la P.F.A, ca\u00edda en la Ciudad Aut\u00f3noma de Buenos Aires, en cumplimiento del deber, el pasado 5 de febrero en el incendio de Barracas.<\/span><\/p>\n<p><span style=\"line-height: 1.3em;\">\u00bb El 8 de Marzo pr\u00f3ximo pasado conmemoramos el \u00a0D\u00eda Internacional de la Mujer y ya es sin duda, el mes de marzo, el mes de la mujer. Es por eso que hemos presentado este proyecto, a pedido de familiares, compa\u00f1eros, amigos y vecinos para recordar a esta mujer valiente, solidaria y comprometida con el servicio al pr\u00f3jimo. Agradezco que esta resoluci\u00f3n haya sido acompa\u00f1ado por todos los bloques\u00bb, coment\u00f3 la Diputada Herrero.<\/span><span style=\"line-height: 1.3em;\">Para finalizar, la Diputada del Pro dijo: \u00abSu nombre va a estar para siempre en un puente tan emblem\u00e1tico como el Puente de la Mujer, en este mes tan particular y tan identificado con la Mujer\u00bb. <\/span><\/p>\n","protected":false},"excerpt":{"rendered":"<p>Por iniciativa de la Diputada del Pro Mar\u00eda Raquel Herrero, la Legislatura de la Ciudad Aut\u00f3noma de Buenos Aires vot\u00f3 por unanimidad una resoluci\u00f3n para que se disponga la colocaci\u00f3n de una placa en honor a Anah\u00ed Garnica en el Puente de la Mujer. Anah\u00ed Garnica fue la primer bombero femenino de la Superintendencia Federal [&hellip;]<\/p>\n","protected":false},"author":2,"featured_media":22346,"comment_status":"open","ping_status":"open","sticky":false,"template":"","format":"standard","meta":{"_et_pb_use_builder":"","_et_pb_old_content":"","_et_gb_content_width":"","footnotes":""},"categories":[11,44],"tags":[],"class_list":["post-25764","post","type-post","status-publish","format-standard","has-post-thumbnail","hentry","category-ciudad","category-funcionarios-de-la-caba"],"_links":{"self":[{"href":"https:\/\/vocesdebaires.com.ar\/index.php\/wp-json\/wp\/v2\/posts\/25764"}],"collection":[{"href":"https:\/\/vocesdebaires.com.ar\/index.php\/wp-json\/wp\/v2\/posts"}],"about":[{"href":"https:\/\/vocesdebaires.com.ar\/index.php\/wp-json\/wp\/v2\/types\/post"}],"author":[{"embeddable":true,"href":"https:\/\/vocesdebaires.com.ar\/index.php\/wp-json\/wp\/v2\/users\/2"}],"replies":[{"embeddable":true,"href":"https:\/\/vocesdebaires.com.ar\/index.php\/wp-json\/wp\/v2\/comments?post=25764"}],"version-history":[{"count":0,"href":"https:\/\/vocesdebaires.com.ar\/index.php\/wp-json\/wp\/v2\/posts\/25764\/revisions"}],"wp:featuredmedia":[{"embeddable":true,"href":"https:\/\/vocesdebaires.com.ar\/index.php\/wp-json\/wp\/v2\/media\/22346"}],"wp:attachment":[{"href":"https:\/\/vocesdebaires.com.ar\/index.php\/wp-json\/wp\/v2\/media?parent=25764"}],"wp:term":[{"taxonomy":"category","embeddable":true,"href":"https:\/\/vocesdebaires.com.ar\/index.php\/wp-json\/wp\/v2\/categories?post=25764"},{"taxonomy":"post_tag","embeddable":true,"href":"https:\/\/vocesdebaires.com.ar\/index.php\/wp-json\/wp\/v2\/tags?post=25764"}],"curies":[{"name":"wp","href":"https:\/\/api.w.org\/{rel}","templated":true}]}}