{"id":25766,"date":"2014-03-13T21:11:42","date_gmt":"2014-03-14T00:11:42","guid":{"rendered":"http:\/\/vocesdebaires.com.ar\/wordpress\/index.php\/2014\/03\/13\/primera-b-metropolitana-fecha-29-2\/"},"modified":"2014-03-13T21:11:42","modified_gmt":"2014-03-14T00:11:42","slug":"primera-b-metropolitana-fecha-29-2","status":"publish","type":"post","link":"https:\/\/vocesdebaires.com.ar\/index.php\/2014\/03\/13\/primera-b-metropolitana-fecha-29-2\/","title":{"rendered":"Primera B Metropolitana, fecha 29"},"content":{"rendered":"<p><span style=\"line-height: 1.3em;\">S\u00e1bado 15 de marzo<\/span><\/p>\n<p><span style=\"line-height: 1.3em;\">13.05&#8211;Trist\u00e1n Su\u00e1rez &#8211; Atlanta, \u00e1rbitro: Yamil Possi (TV)<\/span><\/p>\n<p>17.00&#8211;Villa D\u00e1lmine &#8211; Flandria, \u00e1rbitro: Jos\u00e9 Carreras<\/p>\n<p>17.05&#8211;Almagro &#8211; Def. de Belgrano, \u00e1rbitro: Lucas Di Bastiano (TV)<\/p>\n<p><span style=\"line-height: 1.3em;\">Domingo 16 de marzo<\/span><\/p>\n<p>11.30&#8211;Dep. Merlo &#8211; C.D. UAI &#8211; Urquiza, \u00e1rbitro: Gonzalo L\u00f3pez Aldaz\u00e1bal<\/p>\n<p>11.30&#8211;Colegiales &#8211; Comunicaciones, \u00e1rbitro: Am\u00e9rico Monsalvo<\/p>\n<p>21.30&#8211;Temperley &#8211; Dep. Armenio, \u00e1rbitro: Eduardo Guti\u00e9rrez<\/p>\n<p><span style=\"line-height: 1.3em;\">Lunes 17 de marzo<\/span><\/p>\n<p>16.00&#8211;Barracas Ctral. &#8211; Acassuso, \u00e1rbitro: Hern\u00e1n Mastr\u00e1ngelo<\/p>\n<p>20.00&#8211;F\u00e9nix &#8211; Estudiantes, \u00e1rbitro: Carlos Stoklas<\/p>\n<p>Martes 18 de marzo<\/p>\n<p><span style=\"line-height: 1.3em;\">15.05&#8211;Nva. Chicago &#8211; Los Andes, \u00e1rbitro: Mart\u00edn Gonaldi (TV)<\/span><\/p>\n<p>21.05&#8211;Chacarita Jrs. &#8211; Dep. Mor\u00f3n, \u00e1rbitro: Pablo D\u00f3valo (TV)<\/p>\n","protected":false},"excerpt":{"rendered":"<p>S\u00e1bado 15 de marzo 13.05&#8211;Trist\u00e1n Su\u00e1rez &#8211; Atlanta, \u00e1rbitro: Yamil Possi (TV) 17.00&#8211;Villa D\u00e1lmine &#8211; Flandria, \u00e1rbitro: Jos\u00e9 Carreras 17.05&#8211;Almagro &#8211; Def. de Belgrano, \u00e1rbitro: Lucas Di Bastiano (TV) Domingo 16 de marzo 11.30&#8211;Dep. Merlo &#8211; C.D. UAI &#8211; Urquiza, \u00e1rbitro: Gonzalo L\u00f3pez Aldaz\u00e1bal 11.30&#8211;Colegiales &#8211; Comunicaciones, \u00e1rbitro: Am\u00e9rico Monsalvo 21.30&#8211;Temperley &#8211; Dep. Armenio, \u00e1rbitro: [&hellip;]<\/p>\n","protected":false},"author":2,"featured_media":22708,"comment_status":"open","ping_status":"open","sticky":false,"template":"","format":"standard","meta":{"_et_pb_use_builder":"","_et_pb_old_content":"","_et_gb_content_width":"","footnotes":""},"categories":[53,14],"tags":[],"class_list":["post-25766","post","type-post","status-publish","format-standard","has-post-thumbnail","hentry","category-1o-b-metropolitana","category-deportes"],"_links":{"self":[{"href":"https:\/\/vocesdebaires.com.ar\/index.php\/wp-json\/wp\/v2\/posts\/25766"}],"collection":[{"href":"https:\/\/vocesdebaires.com.ar\/index.php\/wp-json\/wp\/v2\/posts"}],"about":[{"href":"https:\/\/vocesdebaires.com.ar\/index.php\/wp-json\/wp\/v2\/types\/post"}],"author":[{"embeddable":true,"href":"https:\/\/vocesdebaires.com.ar\/index.php\/wp-json\/wp\/v2\/users\/2"}],"replies":[{"embeddable":true,"href":"https:\/\/vocesdebaires.com.ar\/index.php\/wp-json\/wp\/v2\/comments?post=25766"}],"version-history":[{"count":0,"href":"https:\/\/vocesdebaires.com.ar\/index.php\/wp-json\/wp\/v2\/posts\/25766\/revisions"}],"wp:featuredmedia":[{"embeddable":true,"href":"https:\/\/vocesdebaires.com.ar\/index.php\/wp-json\/wp\/v2\/media\/22708"}],"wp:attachment":[{"href":"https:\/\/vocesdebaires.com.ar\/index.php\/wp-json\/wp\/v2\/media?parent=25766"}],"wp:term":[{"taxonomy":"category","embeddable":true,"href":"https:\/\/vocesdebaires.com.ar\/index.php\/wp-json\/wp\/v2\/categories?post=25766"},{"taxonomy":"post_tag","embeddable":true,"href":"https:\/\/vocesdebaires.com.ar\/index.php\/wp-json\/wp\/v2\/tags?post=25766"}],"curies":[{"name":"wp","href":"https:\/\/api.w.org\/{rel}","templated":true}]}}