{"id":25768,"date":"2014-03-13T21:34:37","date_gmt":"2014-03-14T00:34:37","guid":{"rendered":"http:\/\/vocesdebaires.com.ar\/wordpress\/index.php\/2014\/03\/13\/jueces-y-programacion-primera-division-fecha-8-2\/"},"modified":"2014-03-13T21:34:37","modified_gmt":"2014-03-14T00:34:37","slug":"jueces-y-programacion-primera-division-fecha-8-2","status":"publish","type":"post","link":"https:\/\/vocesdebaires.com.ar\/index.php\/2014\/03\/13\/jueces-y-programacion-primera-division-fecha-8-2\/","title":{"rendered":"Jueces y Programaci\u00f3n Primera Divisi\u00f3n, fecha 8"},"content":{"rendered":"<p><span style=\"line-height: 1.3em;\">La fecha 8 de Primera Divisi\u00f3n se jugar\u00e1 seg\u00fan el siguiente cronograma:<\/span><\/p>\n<p><span style=\"line-height: 1.3em;\">Viernes 14 de marzo<\/span><\/p>\n<p>19.10&#8211;Atl\u00e9tico de Rafaela-V\u00e9lez Sarsfield, \u00e1rbitro: N\u00e9stor Pitana (TV)<\/p>\n<p>S\u00e1bado 15 de marzo<\/p>\n<p>16.00&#8211;Tigre-Godoy Cruz Antonio Tomba, \u00e1rbitro: Sa\u00fal Laverni (TV)<\/p>\n<p>18.10&#8211;Belgrano de C\u00f3rdoba-Olimpo de Bah\u00eda Blanca, \u00e1rbitro: Sergio Pezzotta (en estadio Mario A. Kempes) (TV)<\/p>\n<p>20.30&#8211;San Lorenzo-Col\u00f3n de Santa Fe, \u00e1rbitro: Fernando Rapallini (TV)<\/p>\n<p>Domingo 16 de marzo<\/p>\n<p>15.00&#8211;Gimnasia y Esgrima La Plata-Estudiantes de La Plata, \u00e1rbitro: Patricio Loustau (TV)<\/p>\n<p>17.00&#8211;Arsenal F. C.-Rosario Central, \u00e1rbitro: Juan Pablo Pompei (TV)<\/p>\n<p>17.10&#8211;Newell\u2019s Old Boys-Racing Club, \u00e1rbitro: Dar\u00edo Herrera (TV)<\/p>\n<p>18.15&#8211;Boca Juniors-Argentinos Juniors, \u00e1rbitro: Diego Abal (TV)<\/p>\n<p>21.30&#8211;All Boys-River Plate, \u00e1rbitro: Carlos Maglio (TV)<\/p>\n","protected":false},"excerpt":{"rendered":"<p>La fecha 8 de Primera Divisi\u00f3n se jugar\u00e1 seg\u00fan el siguiente cronograma: Viernes 14 de marzo 19.10&#8211;Atl\u00e9tico de Rafaela-V\u00e9lez Sarsfield, \u00e1rbitro: N\u00e9stor Pitana (TV) S\u00e1bado 15 de marzo 16.00&#8211;Tigre-Godoy Cruz Antonio Tomba, \u00e1rbitro: Sa\u00fal Laverni (TV) 18.10&#8211;Belgrano de C\u00f3rdoba-Olimpo de Bah\u00eda Blanca, \u00e1rbitro: Sergio Pezzotta (en estadio Mario A. Kempes) (TV) 20.30&#8211;San Lorenzo-Col\u00f3n de Santa [&hellip;]<\/p>\n","protected":false},"author":2,"featured_media":22711,"comment_status":"open","ping_status":"open","sticky":false,"template":"","format":"standard","meta":{"_et_pb_use_builder":"","_et_pb_old_content":"","_et_gb_content_width":"","footnotes":""},"categories":[39,14],"tags":[],"class_list":["post-25768","post","type-post","status-publish","format-standard","has-post-thumbnail","hentry","category-1o-division-a","category-deportes"],"_links":{"self":[{"href":"https:\/\/vocesdebaires.com.ar\/index.php\/wp-json\/wp\/v2\/posts\/25768"}],"collection":[{"href":"https:\/\/vocesdebaires.com.ar\/index.php\/wp-json\/wp\/v2\/posts"}],"about":[{"href":"https:\/\/vocesdebaires.com.ar\/index.php\/wp-json\/wp\/v2\/types\/post"}],"author":[{"embeddable":true,"href":"https:\/\/vocesdebaires.com.ar\/index.php\/wp-json\/wp\/v2\/users\/2"}],"replies":[{"embeddable":true,"href":"https:\/\/vocesdebaires.com.ar\/index.php\/wp-json\/wp\/v2\/comments?post=25768"}],"version-history":[{"count":0,"href":"https:\/\/vocesdebaires.com.ar\/index.php\/wp-json\/wp\/v2\/posts\/25768\/revisions"}],"wp:featuredmedia":[{"embeddable":true,"href":"https:\/\/vocesdebaires.com.ar\/index.php\/wp-json\/wp\/v2\/media\/22711"}],"wp:attachment":[{"href":"https:\/\/vocesdebaires.com.ar\/index.php\/wp-json\/wp\/v2\/media?parent=25768"}],"wp:term":[{"taxonomy":"category","embeddable":true,"href":"https:\/\/vocesdebaires.com.ar\/index.php\/wp-json\/wp\/v2\/categories?post=25768"},{"taxonomy":"post_tag","embeddable":true,"href":"https:\/\/vocesdebaires.com.ar\/index.php\/wp-json\/wp\/v2\/tags?post=25768"}],"curies":[{"name":"wp","href":"https:\/\/api.w.org\/{rel}","templated":true}]}}