{"id":25770,"date":"2014-03-14T14:28:57","date_gmt":"2014-03-14T17:28:57","guid":{"rendered":"http:\/\/vocesdebaires.com.ar\/wordpress\/index.php\/2014\/03\/14\/el-tiro-de-las-estrellas-open-sports-2\/"},"modified":"2014-03-14T14:28:57","modified_gmt":"2014-03-14T17:28:57","slug":"el-tiro-de-las-estrellas-open-sports-2","status":"publish","type":"post","link":"https:\/\/vocesdebaires.com.ar\/index.php\/2014\/03\/14\/el-tiro-de-las-estrellas-open-sports-2\/","title":{"rendered":"El tiro de las Estrellas Open Sports"},"content":{"rendered":"<p><span style=\"line-height: 1.3em;\">En el estadio H\u00e9ctor Etchart ,se \u00a0disputo \u00a0El tiro de las Estrellas Open Sports \u00a0 y que fue para el equipo \u00a0integrado por H\u00e9ctor Campana ,Macarena Durso, Adri\u00e1n Boccia y Fernando Ovejero. Pero el objetivo de esta nota es que Pasiones Deportivas, estuvo presente en el evento donde se presento la XXVI edici\u00f3n del juego de las estrellas, despu\u00e9s de 24 a\u00f1os el juego de las Estrellas volvi\u00f3 a Buenos Aires, m\u00e1s all\u00e1 de que son grandes estrellas \u00a0ellas son un sol, estamos hablando de dos jugadoras muy importantes en \u00a0sus respectivos clubes, \u00a0son Daniela Benvenuto (jugadora del club Sunderland) y Luciana Zinna que juega en \u00a0Deportivo Berazategui <\/span><\/p>\n<p>Hablamos con las dos \u00a0en primer lugar lo hizo \u00a0Luciana Zinna \u00a0y esto dec\u00eda, La verdad este a\u00f1o lo espero \u00a0con \u00a0muchas expectativas, \u00a0esta por arrancar los juegos \u00a0y \u00a0estamos en la pre-temporada \u00a0, es mas \u00a0Deportivo Berazategui \u00a0este a\u00f1o armo un \u00a0gran equipo, sumando un refuerzo como es Noelia \u00a0Zinna \u00a0( jugadora de Lan\u00fas y mi hermana \u00a0risa jajajajj ), as\u00ed que el objetivo es ganar \u00a0todos los campeonatos que vamos a jugar . Adem\u00e1s \u00a0al haber salido el a\u00f1o pasado Campeonas \u00a0Argentina de la liga Nacional, tenemos la \u00a0posibilidad \u00a0de jugar \u00a0el Sudamericano de clubes en Ecuador, aunque todav\u00eda no est\u00e1 confirmado \u00a0el tornero pero \u00a0es nuestro \u00a0objetivo para este a\u00f1o.<\/p>\n<p><span style=\"line-height: 1.3em;\"> Por su parte \u00a0Daniela Benvenuto dec\u00eda esto, la verdad que bien y con muchas expectativas en \u00a0los planos \u201cbasquetbolistico por as\u00ed decirlo\u201d, ya que cambie de club, con nueva instituci\u00f3n, con amigas y \u00a0nuevas compa\u00f1eras. En lo personal es \u00a0darle todo al \u00a0club, lo que siempre me caracterizo como jugadora y tratar de impregnar un poco \u00a0esa esencia de lo que yo hago adentro de la cancha, tampoco es salir del libreto, no voy hacer \u00a0algo muy nuevo pero si darle y obviamente tratar de que Sunderland vuela a estar en los primeros puestos que se merece. <\/span><\/p>\n<p><span style=\"line-height: 1.3em;\"><img decoding=\"async\" src=\"images\/stories\/111 josiiii.jpg\" border=\"0\" align=\"right\" \/><br \/><\/span><\/p>\n","protected":false},"excerpt":{"rendered":"<p>En el estadio H\u00e9ctor Etchart ,se \u00a0disputo \u00a0El tiro de las Estrellas Open Sports \u00a0 y que fue para el equipo \u00a0integrado por H\u00e9ctor Campana ,Macarena Durso, Adri\u00e1n Boccia y Fernando Ovejero. Pero el objetivo de esta nota es que Pasiones Deportivas, estuvo presente en el evento donde se presento la XXVI edici\u00f3n del juego [&hellip;]<\/p>\n","protected":false},"author":2,"featured_media":22715,"comment_status":"open","ping_status":"open","sticky":false,"template":"","format":"standard","meta":{"_et_pb_use_builder":"","_et_pb_old_content":"","_et_gb_content_width":"","footnotes":""},"categories":[48,14],"tags":[],"class_list":["post-25770","post","type-post","status-publish","format-standard","has-post-thumbnail","hentry","category-basquet","category-deportes"],"_links":{"self":[{"href":"https:\/\/vocesdebaires.com.ar\/index.php\/wp-json\/wp\/v2\/posts\/25770"}],"collection":[{"href":"https:\/\/vocesdebaires.com.ar\/index.php\/wp-json\/wp\/v2\/posts"}],"about":[{"href":"https:\/\/vocesdebaires.com.ar\/index.php\/wp-json\/wp\/v2\/types\/post"}],"author":[{"embeddable":true,"href":"https:\/\/vocesdebaires.com.ar\/index.php\/wp-json\/wp\/v2\/users\/2"}],"replies":[{"embeddable":true,"href":"https:\/\/vocesdebaires.com.ar\/index.php\/wp-json\/wp\/v2\/comments?post=25770"}],"version-history":[{"count":0,"href":"https:\/\/vocesdebaires.com.ar\/index.php\/wp-json\/wp\/v2\/posts\/25770\/revisions"}],"wp:featuredmedia":[{"embeddable":true,"href":"https:\/\/vocesdebaires.com.ar\/index.php\/wp-json\/wp\/v2\/media\/22715"}],"wp:attachment":[{"href":"https:\/\/vocesdebaires.com.ar\/index.php\/wp-json\/wp\/v2\/media?parent=25770"}],"wp:term":[{"taxonomy":"category","embeddable":true,"href":"https:\/\/vocesdebaires.com.ar\/index.php\/wp-json\/wp\/v2\/categories?post=25770"},{"taxonomy":"post_tag","embeddable":true,"href":"https:\/\/vocesdebaires.com.ar\/index.php\/wp-json\/wp\/v2\/tags?post=25770"}],"curies":[{"name":"wp","href":"https:\/\/api.w.org\/{rel}","templated":true}]}}