{"id":25777,"date":"2014-03-14T16:27:35","date_gmt":"2014-03-14T19:27:35","guid":{"rendered":"http:\/\/vocesdebaires.com.ar\/wordpress\/index.php\/2014\/03\/14\/newells-se-trajo-un-buen-punto-de-brasil-2\/"},"modified":"2014-03-14T16:27:35","modified_gmt":"2014-03-14T19:27:35","slug":"newells-se-trajo-un-buen-punto-de-brasil-2","status":"publish","type":"post","link":"https:\/\/vocesdebaires.com.ar\/index.php\/2014\/03\/14\/newells-se-trajo-un-buen-punto-de-brasil-2\/","title":{"rendered":"Newell\u2019s se trajo un buen punto de Brasil"},"content":{"rendered":"<p><span style=\"line-height: 1.3em;\"> Newell\u2019s rescat\u00f3 un valioso empate 0-0 ante Gremio en Porto Alegre, que lo dej\u00f3 en carrera y bien posicionado en el Grupo 6 de la Copa Libertadores. Despu\u00e9s de un primer tiempo parejo, el equipo rosarino la pas\u00f3 mal en el complemento, cuando el local convirti\u00f3 en figura al arquero Nahuel Guzm\u00e1n. Se volver\u00e1n a ver las caras el mi\u00e9rcoles en Rosario, por la 4\u00aa fecha.<\/span><span style=\"line-height: 1.3em;\">Los brasile\u00f1os se mantienen l\u00edderes del grupo, con 7 unidades, seguidos por Newell\u2019s -con mejor diferencia de gol- y Atl. Nacional de Colombia con 4 y Nacional de Montevideo con 1.<\/span><\/p>\n<p><span style=\"line-height: 1.3em;\">\u201cEn el primer tiempo, tuvimos la misma posesi\u00f3n de la pelota\u201d, se\u00f1al\u00f3 Guzm\u00e1n, que reconoci\u00f3 que en el segundo Gremio \u201csali\u00f3 a buscar la clasificaci\u00f3n y por momentos tuvimos que aguantar\u201d. \u201cEl punto suma porque fue en una cancha dif\u00edcil -agreg\u00f3-, pero ahora habr\u00e1 que hacerse fuerte de local\u201d.<\/span><span style=\"line-height: 1.3em;\">La Lepra tuvo sus oportunidades en los primeros minutos, con un remate de Ezequiel Ponce y otro de Maxi Rodr\u00edguez. Pero en el segundo tiempo, Gremio se adue\u00f1\u00f3 del partido y desperdici\u00f3 una chance tras otra (Riveros, Z\u00e9 Roberto y Barcos). La m\u00e1s clara se dio a los 36 minutos, cuando se lo perdi\u00f3 Barcos y despu\u00e9s el bal\u00f3n le qued\u00f3 a Par\u00e1, que estrell\u00f3 su disparo en el travesa\u00f1o<\/span><\/p>\n","protected":false},"excerpt":{"rendered":"<p>Newell\u2019s rescat\u00f3 un valioso empate 0-0 ante Gremio en Porto Alegre, que lo dej\u00f3 en carrera y bien posicionado en el Grupo 6 de la Copa Libertadores. Despu\u00e9s de un primer tiempo parejo, el equipo rosarino la pas\u00f3 mal en el complemento, cuando el local convirti\u00f3 en figura al arquero Nahuel Guzm\u00e1n. Se volver\u00e1n a [&hellip;]<\/p>\n","protected":false},"author":2,"featured_media":22728,"comment_status":"open","ping_status":"open","sticky":false,"template":"","format":"standard","meta":{"_et_pb_use_builder":"","_et_pb_old_content":"","_et_gb_content_width":"","footnotes":""},"categories":[14,50],"tags":[],"class_list":["post-25777","post","type-post","status-publish","format-standard","has-post-thumbnail","hentry","category-deportes","category-futbol-internacional-2"],"_links":{"self":[{"href":"https:\/\/vocesdebaires.com.ar\/index.php\/wp-json\/wp\/v2\/posts\/25777"}],"collection":[{"href":"https:\/\/vocesdebaires.com.ar\/index.php\/wp-json\/wp\/v2\/posts"}],"about":[{"href":"https:\/\/vocesdebaires.com.ar\/index.php\/wp-json\/wp\/v2\/types\/post"}],"author":[{"embeddable":true,"href":"https:\/\/vocesdebaires.com.ar\/index.php\/wp-json\/wp\/v2\/users\/2"}],"replies":[{"embeddable":true,"href":"https:\/\/vocesdebaires.com.ar\/index.php\/wp-json\/wp\/v2\/comments?post=25777"}],"version-history":[{"count":0,"href":"https:\/\/vocesdebaires.com.ar\/index.php\/wp-json\/wp\/v2\/posts\/25777\/revisions"}],"wp:featuredmedia":[{"embeddable":true,"href":"https:\/\/vocesdebaires.com.ar\/index.php\/wp-json\/wp\/v2\/media\/22728"}],"wp:attachment":[{"href":"https:\/\/vocesdebaires.com.ar\/index.php\/wp-json\/wp\/v2\/media?parent=25777"}],"wp:term":[{"taxonomy":"category","embeddable":true,"href":"https:\/\/vocesdebaires.com.ar\/index.php\/wp-json\/wp\/v2\/categories?post=25777"},{"taxonomy":"post_tag","embeddable":true,"href":"https:\/\/vocesdebaires.com.ar\/index.php\/wp-json\/wp\/v2\/tags?post=25777"}],"curies":[{"name":"wp","href":"https:\/\/api.w.org\/{rel}","templated":true}]}}