{"id":25795,"date":"2014-03-19T16:03:28","date_gmt":"2014-03-19T19:03:28","guid":{"rendered":"http:\/\/vocesdebaires.com.ar\/wordpress\/index.php\/2014\/03\/19\/macri-y-vidal-reclamaron-medidas-urgentes-contra-la-inseguridad-2\/"},"modified":"2014-03-19T16:03:28","modified_gmt":"2014-03-19T19:03:28","slug":"macri-y-vidal-reclamaron-medidas-urgentes-contra-la-inseguridad-2","status":"publish","type":"post","link":"https:\/\/vocesdebaires.com.ar\/index.php\/2014\/03\/19\/macri-y-vidal-reclamaron-medidas-urgentes-contra-la-inseguridad-2\/","title":{"rendered":"Macri y Vidal reclamaron medidas urgentes contra la inseguridad"},"content":{"rendered":"<p><span style=\"line-height: 1.3em;\">La referente de PRO, Mar\u00eda Eugenia Vidal, sostuvo hoy que \u201cla inseguridad no puede esperar. Es constante, todos los d\u00edas nos levantamos con una v\u00edctima m\u00e1s, con una madre que se qued\u00f3 sin un hijo, una esposa sin un esposo\u201d, remarc\u00f3.<\/span><span style=\"line-height: 1.3em;\">Vidal recorri\u00f3 por la tarde esta localidad acompa\u00f1ada por el jefe de gobierno porte\u00f1o Mauricio Macri, el intendente de Vicente L\u00f3pez Jorge Macri, y el senador Diego Santilli.<\/span><\/p>\n<p><span style=\"line-height: 1.3em;\">Despu\u00e9s de un encuentro con vecinos -quienes plantearon a los dirigentes su preocupaci\u00f3n por los \u00a0problemas de inseguridad que afectan al municipio- Mauricio Macri destac\u00f3 la necesidad de llevar adelante \u201cun plan integral de seguridad, que ponga freno al accionar de la delincuencia y al avance de la droga y el narcotr\u00e1fico\u201d. <\/span><\/p>\n<p><span style=\"line-height: 1.3em;\">Por su parte, \u00a0Mar\u00eda Eugenia Vidal alert\u00f3 que el flagelo de la inseguridad exige respuestas inmediatas, porque \u201ctodas las ma\u00f1anas cuando nos levantamos escuchamos la noticia de nuevas v\u00edctimas y de familias que est\u00e1n sufriendo por la p\u00e9rdida de un ser querido\u201d.<\/span><\/p>\n<p><span style=\"line-height: 1.3em;\">\u201cNosotros en la ciudad de Buenos Aires asumimos el desaf\u00edo de crear una polic\u00eda desde cero, como la Metropolitana, y demostramos que con una fuerza bien equipada y bien remunerada es posible combatir la inseguridad y estar cerca de la gente para que se sienta m\u00e1s cuidada y tranquila\u201d, agreg\u00f3.<\/span><span style=\"line-height: 1.3em;\">\u201cNosotros mostramos que se puede tener una polic\u00eda honesta, sin corrupci\u00f3n. Con un Estado que est\u00e1 atr\u00e1s y apuesta a la seguridad\u201d, concluy\u00f3 Vidal.<\/span><span style=\"line-height: 1.3em;\">Los dirigentes de PRO fueron recibidos por una familia \u00a0en su casa y mantuvieron un encuentro con vecinos en el Centro de Jubilados \u201cEl Triunfo\u201d, entre otras actividades. <\/span><\/p>\n","protected":false},"excerpt":{"rendered":"<p>La referente de PRO, Mar\u00eda Eugenia Vidal, sostuvo hoy que \u201cla inseguridad no puede esperar. Es constante, todos los d\u00edas nos levantamos con una v\u00edctima m\u00e1s, con una madre que se qued\u00f3 sin un hijo, una esposa sin un esposo\u201d, remarc\u00f3.Vidal recorri\u00f3 por la tarde esta localidad acompa\u00f1ada por el jefe de gobierno porte\u00f1o Mauricio [&hellip;]<\/p>\n","protected":false},"author":2,"featured_media":22762,"comment_status":"open","ping_status":"open","sticky":false,"template":"","format":"standard","meta":{"_et_pb_use_builder":"","_et_pb_old_content":"","_et_gb_content_width":"","footnotes":""},"categories":[11,44],"tags":[],"class_list":["post-25795","post","type-post","status-publish","format-standard","has-post-thumbnail","hentry","category-ciudad","category-funcionarios-de-la-caba"],"_links":{"self":[{"href":"https:\/\/vocesdebaires.com.ar\/index.php\/wp-json\/wp\/v2\/posts\/25795"}],"collection":[{"href":"https:\/\/vocesdebaires.com.ar\/index.php\/wp-json\/wp\/v2\/posts"}],"about":[{"href":"https:\/\/vocesdebaires.com.ar\/index.php\/wp-json\/wp\/v2\/types\/post"}],"author":[{"embeddable":true,"href":"https:\/\/vocesdebaires.com.ar\/index.php\/wp-json\/wp\/v2\/users\/2"}],"replies":[{"embeddable":true,"href":"https:\/\/vocesdebaires.com.ar\/index.php\/wp-json\/wp\/v2\/comments?post=25795"}],"version-history":[{"count":0,"href":"https:\/\/vocesdebaires.com.ar\/index.php\/wp-json\/wp\/v2\/posts\/25795\/revisions"}],"wp:featuredmedia":[{"embeddable":true,"href":"https:\/\/vocesdebaires.com.ar\/index.php\/wp-json\/wp\/v2\/media\/22762"}],"wp:attachment":[{"href":"https:\/\/vocesdebaires.com.ar\/index.php\/wp-json\/wp\/v2\/media?parent=25795"}],"wp:term":[{"taxonomy":"category","embeddable":true,"href":"https:\/\/vocesdebaires.com.ar\/index.php\/wp-json\/wp\/v2\/categories?post=25795"},{"taxonomy":"post_tag","embeddable":true,"href":"https:\/\/vocesdebaires.com.ar\/index.php\/wp-json\/wp\/v2\/tags?post=25795"}],"curies":[{"name":"wp","href":"https:\/\/api.w.org\/{rel}","templated":true}]}}