{"id":25797,"date":"2014-03-19T19:30:11","date_gmt":"2014-03-19T22:30:11","guid":{"rendered":"http:\/\/vocesdebaires.com.ar\/wordpress\/index.php\/2014\/03\/19\/audiencia-publica-por-uso-de-espacios-verdes-publicos-2\/"},"modified":"2014-03-19T19:30:11","modified_gmt":"2014-03-19T22:30:11","slug":"audiencia-publica-por-uso-de-espacios-verdes-publicos-2","status":"publish","type":"post","link":"https:\/\/vocesdebaires.com.ar\/index.php\/2014\/03\/19\/audiencia-publica-por-uso-de-espacios-verdes-publicos-2\/","title":{"rendered":"Audiencia p\u00fablica por uso de espacios verdes p\u00fablicos"},"content":{"rendered":"<p><span style=\"line-height: 1.3em;\">La Audiencia P\u00fablica referida al marco regulatorio para el otorgamiento de permisos de usos precarios en espacios verdes de uso p\u00fablico se llev\u00f3 a cabo desde las 11:30 horas con gran presencia de inscriptos y diputados porte\u00f1os de las comisiones de Presupuesto, Desarrollo Econ\u00f3mico y Protecci\u00f3n y Uso del Espacio P\u00fablico. El proyecto, que fue presentado por el diputado Jos\u00e9 Luis Acevedo (PRO), ya fue aprobado en primera lectura y tras la Audiencia deber\u00e1 ser considerado en sesi\u00f3n para su sanci\u00f3n definitiva.<\/span><span style=\"line-height: 1.3em;\">Fueron presentadas 27 opiniones a favor del proyecto, como la de Fernando Cichero y Ariel Bellesi, vecinos de diferentes barrios porte\u00f1os, que plantearon su apoyo a la creaci\u00f3n de \u00e1reas de servicios en parques y plazas, y sostuvieron que \u00abayudar\u00eda a la inclusi\u00f3n de los vecinos de la Ciudad a mejorar la calidad de vida y a hacer un uso democr\u00e1tico del espacio p\u00fablico\u00bb.<\/span><\/p>\n<p>En tanto, 19 oradores manifestaron su oposici\u00f3n. \u00abRechazo totalmente el proyecto porque estoy en contra de la privatizaci\u00f3n del espacio p\u00fablico. Es un gran negocio del Gobierno y no quieren avanzar en la calidad de vida de las personas ni en los espacios verdes\u00bb, asegur\u00f3 Alberto Eduardo Jalon, uno de los expositores que se presentaron esta ma\u00f1ana. Adem\u00e1s, otra asistente resalt\u00f3 el hecho de que es la cuarta vez que se presenta este proyecto en la Legislatura.<\/p>\n<p>Sin embargo, el proyecto planteado incluye pautas para que s\u00f3lo se puedan permisionar espacios en superficies verdes p\u00fablicas mayores a 50.000 m2; que los permisos se otorgar\u00e1n para la instalaci\u00f3n de locales destinados al expendio de alimentos y\/o bebidas envasadas y que \u00a0la habilitaci\u00f3n definitiva de los mismos estar\u00e1 supeditada a la construcci\u00f3n de los siguientes servicios complementarios: Sanitarios accesibles de uso p\u00fablico y gratuito; Estaci\u00f3n de vida saludable, que deber\u00e1 contemplar como m\u00ednimo una zona de descanso e hidrataci\u00f3n gratuita a los que realicen ejercitaci\u00f3n f\u00edsica; Estacionamiento de bicicletas; Servicio de alquiler de bicicletas ofrecido por el GCBA; Conexi\u00f3n a internet gratuita y biblioteca.<\/p>\n<p><span style=\"line-height: 1.3em;\">La totalidad de los servicios a prestar deber\u00e1n estar integrados en un solo n\u00facleo de servicio y asimismo dispone que los mismos \u201cno podr\u00e1n interferir con el normal desarrollo de otras actividades existentes en el lugar ni restringir al p\u00fablico, en forma alguna, el normal uso y goce del parque y de sus instalaciones y servicios\u201d.<\/span><span style=\"line-height: 1.3em;\">En todos los casos se deber\u00e1 cumplir con la normativa vigente en materia de habilitaciones, edificaciones, higiene y seguridad alimentaria; debiendo contar el permisionario con personal que haya realizado y aprobado el curso de manipulaci\u00f3n de alimentos.<\/span><\/p>\n<p>Respecto de qui\u00e9nes est\u00e1n en condiciones de acceder a los permisos, el texo establece que \u201cel 30% de los permisos de uso precario a otorgar deber\u00e1n ser destinados a Organizaciones No Gubernamentales y\/o Entidades de Bien P\u00fablico sin fines de lucro que est\u00e9n destinadas a la atenci\u00f3n y\/o ayuda, en forma directa o indirecta, de las personas con discapacidad, Asociaciones Civiles sin fines de lucro y Fundaciones, que cuenten con domicilio legal en la Ciudad Aut\u00f3noma de Buenos Aires, que a la fecha de publicaci\u00f3n del llamado tengan 2 a\u00f1os o m\u00e1s de otorgada la Personer\u00eda Jur\u00eddica y que cuenten con capacidad para obligarse.<\/p>\n<p><span style=\"line-height: 1.3em;\">Asimismo se propone que no podr\u00e1n ser permisionarios las personas que se encontraren suspendidas o inhabilitadas, hayan sido condenadas, en el pa\u00eds o en el extranjero por delito doloso, que constituya delito en nuestra legislaci\u00f3n, fallidos, interdictos o concursados, salvo que estos \u00faltimos presenten la correspondiente autorizaci\u00f3n judicial, los\/as funcionarios\/as o empleados\/as del Gobierno de la Ciudad Aut\u00f3noma de Buenos Aires y hasta un a\u00f1o despu\u00e9s de haber cesado en sus funciones y\/o empleos y las personas que figuren incluidas en el Registro de Deudores Alimentarios Morosos de la Ciudad Aut\u00f3noma de Buenos Aires.<\/span><\/p>\n<p>Estuvieron presentes tambi\u00e9n las diputadas Cristina Garc\u00eda (CP), L\u00eda Rueda, Carmen Polledo, Alejandra Caballero, Cecilia De la Torre (PRO), Mar\u00eda Rosa Mui\u00f1os, Gabriela Alegre (FpV), Paula Oliveto (CC), y los diputados Alejandro Garc\u00eda, Juan Pablo Arenaza, Agust\u00edn Forchieri, Daniel Presti, Francisco Quintana, Helio Rebot (PRO) y Hern\u00e1n Arce (PS).<\/p>\n","protected":false},"excerpt":{"rendered":"<p>La Audiencia P\u00fablica referida al marco regulatorio para el otorgamiento de permisos de usos precarios en espacios verdes de uso p\u00fablico se llev\u00f3 a cabo desde las 11:30 horas con gran presencia de inscriptos y diputados porte\u00f1os de las comisiones de Presupuesto, Desarrollo Econ\u00f3mico y Protecci\u00f3n y Uso del Espacio P\u00fablico. El proyecto, que fue [&hellip;]<\/p>\n","protected":false},"author":2,"featured_media":22766,"comment_status":"open","ping_status":"open","sticky":false,"template":"","format":"standard","meta":{"_et_pb_use_builder":"","_et_pb_old_content":"","_et_gb_content_width":"","footnotes":""},"categories":[11,44],"tags":[],"class_list":["post-25797","post","type-post","status-publish","format-standard","has-post-thumbnail","hentry","category-ciudad","category-funcionarios-de-la-caba"],"_links":{"self":[{"href":"https:\/\/vocesdebaires.com.ar\/index.php\/wp-json\/wp\/v2\/posts\/25797"}],"collection":[{"href":"https:\/\/vocesdebaires.com.ar\/index.php\/wp-json\/wp\/v2\/posts"}],"about":[{"href":"https:\/\/vocesdebaires.com.ar\/index.php\/wp-json\/wp\/v2\/types\/post"}],"author":[{"embeddable":true,"href":"https:\/\/vocesdebaires.com.ar\/index.php\/wp-json\/wp\/v2\/users\/2"}],"replies":[{"embeddable":true,"href":"https:\/\/vocesdebaires.com.ar\/index.php\/wp-json\/wp\/v2\/comments?post=25797"}],"version-history":[{"count":0,"href":"https:\/\/vocesdebaires.com.ar\/index.php\/wp-json\/wp\/v2\/posts\/25797\/revisions"}],"wp:featuredmedia":[{"embeddable":true,"href":"https:\/\/vocesdebaires.com.ar\/index.php\/wp-json\/wp\/v2\/media\/22766"}],"wp:attachment":[{"href":"https:\/\/vocesdebaires.com.ar\/index.php\/wp-json\/wp\/v2\/media?parent=25797"}],"wp:term":[{"taxonomy":"category","embeddable":true,"href":"https:\/\/vocesdebaires.com.ar\/index.php\/wp-json\/wp\/v2\/categories?post=25797"},{"taxonomy":"post_tag","embeddable":true,"href":"https:\/\/vocesdebaires.com.ar\/index.php\/wp-json\/wp\/v2\/tags?post=25797"}],"curies":[{"name":"wp","href":"https:\/\/api.w.org\/{rel}","templated":true}]}}