{"id":25802,"date":"2014-03-20T12:56:53","date_gmt":"2014-03-20T15:56:53","guid":{"rendered":"http:\/\/vocesdebaires.com.ar\/wordpress\/index.php\/2014\/03\/20\/vidal-y-el-conflicto-docente-2\/"},"modified":"2014-03-20T12:56:53","modified_gmt":"2014-03-20T15:56:53","slug":"vidal-y-el-conflicto-docente-2","status":"publish","type":"post","link":"https:\/\/vocesdebaires.com.ar\/index.php\/2014\/03\/20\/vidal-y-el-conflicto-docente-2\/","title":{"rendered":"Vidal y el conflicto docente"},"content":{"rendered":"<p><span style=\"line-height: 1.3em;\">La referente de PRO Mar\u00eda Eugenia Vidal se\u00f1al\u00f3 \u00a0que el conflicto docente \u00abno se debe extender en el tiempo y si tiene que seguir, que sea con los chicos en las aulas. La ilusi\u00f3n de miles de ni\u00f1os y sus familias ya lleva 11 d\u00edas de paro y no puede seguir as\u00ed\u00bb.<\/span><span style=\"line-height: 1.3em;\">\u00abNo se puede negociar con los docentes a dos d\u00edas de empezar las clases. Hay que tener di\u00e1logo durante todo el a\u00f1o. El problema no se soluciona solo con aumento de sueldos, hay muchos problemas de infraestructura por reparar\u00bb, agreg\u00f3 la vicejefe porte\u00f1a durante una recorrida por el partido bonaerense General San Mart\u00edn.<\/span><\/p>\n<p><span style=\"line-height: 1.3em;\">En ese contexto, Vidal lament\u00f3 que \u00abla provincia de Buenos Aires est\u00e9 relegada hace tantos a\u00f1os con los fondos que le pertenecen\u00bb, aunque remarc\u00f3: \u00abNo alcanza solamente con eso, tambi\u00e9n hay que saber administrar bien esos recursos\u00bb. <\/span><span style=\"line-height: 1.3em;\">Por su parte, el referente local Alejandro keck manifest\u00f3 que \u00abhace mucho que un intendente no le deja algo importante a este distrito. El PRO en San Mart\u00edn quiere modificar esta situaci\u00f3n y estamos trabajando para ser alternativa en 2015\u00bb. <\/span><\/p>\n<p><span style=\"line-height: 1.3em;\">Acompa\u00f1ada por los referentes partidarios de San Mart\u00edn, Alejandro Keck y Santiago L\u00f3pez Medrano, Vidal recorri\u00f3 la localidad de Jos\u00e9 Le\u00f3n Su\u00e1rez donde dialog\u00f3 con vecinos y comerciantes. Adem\u00e1s, visit\u00f3 la f\u00e1brica de la empresa Molinos Tarquini y la sociedad de fomento \u00ab5 de abril\u00bb.<\/span><\/p>\n","protected":false},"excerpt":{"rendered":"<p>La referente de PRO Mar\u00eda Eugenia Vidal se\u00f1al\u00f3 \u00a0que el conflicto docente \u00abno se debe extender en el tiempo y si tiene que seguir, que sea con los chicos en las aulas. La ilusi\u00f3n de miles de ni\u00f1os y sus familias ya lleva 11 d\u00edas de paro y no puede seguir as\u00ed\u00bb.\u00abNo se puede negociar [&hellip;]<\/p>\n","protected":false},"author":2,"featured_media":22775,"comment_status":"open","ping_status":"open","sticky":false,"template":"","format":"standard","meta":{"_et_pb_use_builder":"","_et_pb_old_content":"","_et_gb_content_width":"","footnotes":""},"categories":[11,44],"tags":[],"class_list":["post-25802","post","type-post","status-publish","format-standard","has-post-thumbnail","hentry","category-ciudad","category-funcionarios-de-la-caba"],"_links":{"self":[{"href":"https:\/\/vocesdebaires.com.ar\/index.php\/wp-json\/wp\/v2\/posts\/25802"}],"collection":[{"href":"https:\/\/vocesdebaires.com.ar\/index.php\/wp-json\/wp\/v2\/posts"}],"about":[{"href":"https:\/\/vocesdebaires.com.ar\/index.php\/wp-json\/wp\/v2\/types\/post"}],"author":[{"embeddable":true,"href":"https:\/\/vocesdebaires.com.ar\/index.php\/wp-json\/wp\/v2\/users\/2"}],"replies":[{"embeddable":true,"href":"https:\/\/vocesdebaires.com.ar\/index.php\/wp-json\/wp\/v2\/comments?post=25802"}],"version-history":[{"count":0,"href":"https:\/\/vocesdebaires.com.ar\/index.php\/wp-json\/wp\/v2\/posts\/25802\/revisions"}],"wp:featuredmedia":[{"embeddable":true,"href":"https:\/\/vocesdebaires.com.ar\/index.php\/wp-json\/wp\/v2\/media\/22775"}],"wp:attachment":[{"href":"https:\/\/vocesdebaires.com.ar\/index.php\/wp-json\/wp\/v2\/media?parent=25802"}],"wp:term":[{"taxonomy":"category","embeddable":true,"href":"https:\/\/vocesdebaires.com.ar\/index.php\/wp-json\/wp\/v2\/categories?post=25802"},{"taxonomy":"post_tag","embeddable":true,"href":"https:\/\/vocesdebaires.com.ar\/index.php\/wp-json\/wp\/v2\/tags?post=25802"}],"curies":[{"name":"wp","href":"https:\/\/api.w.org\/{rel}","templated":true}]}}