{"id":25803,"date":"2014-03-20T21:41:58","date_gmt":"2014-03-21T00:41:58","guid":{"rendered":"http:\/\/vocesdebaires.com.ar\/wordpress\/index.php\/2014\/03\/20\/el-barrio-en-sus-punos-declara-de-interes-cultural-2\/"},"modified":"2014-03-20T21:41:58","modified_gmt":"2014-03-21T00:41:58","slug":"el-barrio-en-sus-punos-declara-de-interes-cultural-2","status":"publish","type":"post","link":"https:\/\/vocesdebaires.com.ar\/index.php\/2014\/03\/20\/el-barrio-en-sus-punos-declara-de-interes-cultural-2\/","title":{"rendered":"El Barrio en sus Pu\u00f1os declara de Inter\u00e9s Cultural"},"content":{"rendered":"<p><span style=\"line-height: 1.3em;\">La Legislatura de la Ciudad Aut\u00f3noma de Buenos Aires aprob\u00f3 durante la sesi\u00f3n de hoy una declaraci\u00f3n \u00a0de inter\u00e9s cultural de la Ciudad \u00a0la Opera Rock en formato de teatro a oscuras \u201cEl Barrio en sus Pu\u00f1os\u201d, sobre la vida de Oscar \u00abRingo\u00bb Bonavena, a trav\u00e9s de una iniciativa de la Diputada del Pro Mar\u00eda Raquel Herrero.<\/span><span style=\"line-height: 1.3em;\">Adem\u00e1s, la declaraci\u00f3n expresa el reconocimiento a la banda de rock Las Pastillas del Abuelo, que estuvieron presentes durante la sesi\u00f3n, por su invalorable aporte al arte y a la memoria colectiva.<\/span><\/p>\n<p><span style=\"line-height: 1.3em;\">Cabe destacar que, el Teatro Ciego es un invento argentino, que naci\u00f3 hace 20 a\u00f1os en la provincia de C\u00f3rdoba. Se trata de una t\u00e9cnica teatral por la cual el p\u00fablico est\u00e1 inmerso en una sala que est\u00e1 en la oscuridad absoluta. De esta manera, no ve lo que est\u00e1 ocurriendo en escena pero s\u00ed siente todo lo que est\u00e1 sucediendo a trav\u00e9s de los sentidos no visuales. Hay efectos de aromas o sensaciones sonoras y t\u00e1ctiles como la lluvia, el viento, el calor o el fr\u00edo.<\/span><\/p>\n<p><span style=\"line-height: 1.3em;\">\u00abEsta novedosa experiencia llam\u00f3 la atenci\u00f3n de los integrantes de la banda \u201cLas pastillas del abuelo\u201d, quienes decidieron combinar su m\u00fasica con esta t\u00e9cnica para presentar un show nunca antes llevado a cabo en el mundo. Aunque Teatro Ciego ya ha trabajado anteriormente con m\u00fasicos invitados, esta iniciativa es algo totalmente diferente. En este caso, el espect\u00e1culo fue pensado en conjunto con la banda. El grado de desarrollo art\u00edstico y de puesta en escena se pens\u00f3 de manera integral, las personas sienten que est\u00e1n realmente insertadas en la escena. Se trata de un viaje no solo mental sino de algo tambi\u00e9n relacionado a lo extrasensorial. Logran sentir la realidad desde otro lugar, mucho m\u00e1s intensa\u00bb, explic\u00f3 la autora del proyecto, la Diputada Herrero.<\/span><\/p>\n<p><span style=\"line-height: 1.3em;\">El producto final recibe el nombre de \u201cEl barrio en sus pu\u00f1os\u201d, un homenaje al boxeador Oscar \u00abRingo\u00bb Bonavena. Es la primera vez que una banda de rock hace un espect\u00e1culo de teatro ciego y, en este caso, se trata de una \u00f3pera rock, lo que representa \u201ctodo un desaf\u00edo\u201d para sus ejecutantes.<\/span><span style=\"line-height: 1.3em;\">Para finalizar, Herrero dijo: \u00abCelebramos desde la Legislatura esta iniciativa y por ello agradezco a todos los Bloques por acompa\u00f1ar esta declaraci\u00f3n de Inter\u00e9s Cultural\u00bb.<\/span><\/p>\n","protected":false},"excerpt":{"rendered":"<p>La Legislatura de la Ciudad Aut\u00f3noma de Buenos Aires aprob\u00f3 durante la sesi\u00f3n de hoy una declaraci\u00f3n \u00a0de inter\u00e9s cultural de la Ciudad \u00a0la Opera Rock en formato de teatro a oscuras \u201cEl Barrio en sus Pu\u00f1os\u201d, sobre la vida de Oscar \u00abRingo\u00bb Bonavena, a trav\u00e9s de una iniciativa de la Diputada del Pro Mar\u00eda [&hellip;]<\/p>\n","protected":false},"author":2,"featured_media":22777,"comment_status":"open","ping_status":"open","sticky":false,"template":"","format":"standard","meta":{"_et_pb_use_builder":"","_et_pb_old_content":"","_et_gb_content_width":"","footnotes":""},"categories":[11,44],"tags":[],"class_list":["post-25803","post","type-post","status-publish","format-standard","has-post-thumbnail","hentry","category-ciudad","category-funcionarios-de-la-caba"],"_links":{"self":[{"href":"https:\/\/vocesdebaires.com.ar\/index.php\/wp-json\/wp\/v2\/posts\/25803"}],"collection":[{"href":"https:\/\/vocesdebaires.com.ar\/index.php\/wp-json\/wp\/v2\/posts"}],"about":[{"href":"https:\/\/vocesdebaires.com.ar\/index.php\/wp-json\/wp\/v2\/types\/post"}],"author":[{"embeddable":true,"href":"https:\/\/vocesdebaires.com.ar\/index.php\/wp-json\/wp\/v2\/users\/2"}],"replies":[{"embeddable":true,"href":"https:\/\/vocesdebaires.com.ar\/index.php\/wp-json\/wp\/v2\/comments?post=25803"}],"version-history":[{"count":0,"href":"https:\/\/vocesdebaires.com.ar\/index.php\/wp-json\/wp\/v2\/posts\/25803\/revisions"}],"wp:featuredmedia":[{"embeddable":true,"href":"https:\/\/vocesdebaires.com.ar\/index.php\/wp-json\/wp\/v2\/media\/22777"}],"wp:attachment":[{"href":"https:\/\/vocesdebaires.com.ar\/index.php\/wp-json\/wp\/v2\/media?parent=25803"}],"wp:term":[{"taxonomy":"category","embeddable":true,"href":"https:\/\/vocesdebaires.com.ar\/index.php\/wp-json\/wp\/v2\/categories?post=25803"},{"taxonomy":"post_tag","embeddable":true,"href":"https:\/\/vocesdebaires.com.ar\/index.php\/wp-json\/wp\/v2\/tags?post=25803"}],"curies":[{"name":"wp","href":"https:\/\/api.w.org\/{rel}","templated":true}]}}