{"id":25807,"date":"2014-03-21T13:15:05","date_gmt":"2014-03-21T16:15:05","guid":{"rendered":"http:\/\/vocesdebaires.com.ar\/wordpress\/index.php\/2014\/03\/21\/homenajeconmemoracion-huespedes-de-honor-y-pesar-2\/"},"modified":"2014-03-21T13:15:05","modified_gmt":"2014-03-21T16:15:05","slug":"homenajeconmemoracion-huespedes-de-honor-y-pesar-2","status":"publish","type":"post","link":"https:\/\/vocesdebaires.com.ar\/index.php\/2014\/03\/21\/homenajeconmemoracion-huespedes-de-honor-y-pesar-2\/","title":{"rendered":"Homenaje,Conmemoraci\u00f3n ,Hu\u00e9spedes de Honor y pesar"},"content":{"rendered":"<p><span style=\"line-height: 1.3em;\">Homenaje a Cort\u00e1zar<\/span><\/p>\n<p><span style=\"line-height: 1.3em;\">Se aprob\u00f3 a trav\u00e9s de una resoluci\u00f3n presentada por la diputada Susana Rinaldi (FPP) la realizaci\u00f3n y organizaci\u00f3n de un acto en homenaje a Julio Cort\u00e1zar, el pr\u00f3ximo 26 de agosto en la plaza que lleva su nombre, en conmemoraci\u00f3n del Centenario de su nacimiento.\u00bbMerece con creces el homenaje que estamos proponiendo. Celebrar de esta forma la obra de Julio Cort\u00e1zar no ser\u00e1 otra cosa que celebrar a uno de los creadores que construyeron lo mejor de nuestra cultura argentina\u00bb, sostienen los fundamentos de la autora de este homenaje.<\/span><\/p>\n<p>Conmemoraci\u00f3n por Garc\u00eda Ferr\u00e9<\/p>\n<p>El Cuerpo Parlamentario aprob\u00f3 realizar una conmemoraci\u00f3n por el primer Aniversario del fallecimiento del prestigioso artista gr\u00e1fico Manuel Garc\u00eda Ferr\u00e9, que se cumplir\u00e1 el pr\u00f3ximo 28 de marzo. En el a\u00f1o 2009, Ferr\u00e9 fue declarado por la Legislatura, a trav\u00e9s de la Ley 3150, Ciudadano Ilustre de la Ciudad. Y desde el 2012, su personaje Larguirucho qued\u00f3 inmortalizado con una escultura en el Paseo de la Historieta. \u00abSolicito la aprobaci\u00f3n del presente Proyecto para conmemorar el 28 de marzo de 2014 el aniversario del fallecimiento de una importante figura dentro de la cultura argentina, Manuel Garc\u00eda Ferr\u00e9\u00bb, expresan los fundamentos de la declaraci\u00f3n, de autor\u00eda de la diputada Victoria Rold\u00e1n Mendez (PRO).<\/p>\n<p>Hu\u00e9spedes de Honor<\/p>\n<p>Por iniciativa del Diputado Daniel Presti (PRO), el Cuerpo parlamentario declar\u00f3 Hu\u00e9sped de Honor de la Ciudad Aut\u00f3noma de Buenos Aires al Presidente de la Diputaci\u00f3n de Pontevedra Rafael Louz\u00e1n Abal, reconocido pol\u00edtico espa\u00f1ol, quien visitar\u00e1 la ciudad entre el 28 de marzo y el 4 de abril pr\u00f3ximos. La misma distinci\u00f3n recibi\u00f3 la Directora General de Deportes del Consejo Superior de Deportes de Espa\u00f1a, Dra. Ana Mu\u00f1oz Merino, quien visitar\u00e1 la Ciudad Aut\u00f3noma de Buenos Aires el 10 y 11 de abril del corriente a\u00f1o con motivo de la celebraci\u00f3n de la II Jornada Iberoamericana de Gesti\u00f3n en Entidades Deportivas organizadas conjuntamente por la Asociaci\u00f3n de Futbol Argentino (AFA), el Comit\u00e9 Ol\u00edmpico Argentino (COA), la Universidad de Belgrano (UB) y el Consejo Profesional de Ciencias Econ\u00f3micas (CPCECABA). El proyecto fue impulsado por el diputado Oscar Moscariello (PRO).<\/p>\n<p><span style=\"line-height: 1.3em;\">Pesar<\/span><\/p>\n<p><span style=\"line-height: 1.3em;\">Tambi\u00e9n hubo una declaraci\u00f3n de pesar por el fallecimiento del Oficial de la Polic\u00eda Metropolitana, Javier Hern\u00e1n Hidalgo, de 22 a\u00f1os, quien fuera sorprendido y asesinado por 3 delincuentes el s\u00e1bado 15 del corriente, en la localidad bonaerense de Villa Ballester. La iniciativa fue presentada por el diputado Daniel Presti (PRO).<\/span><\/p>\n","protected":false},"excerpt":{"rendered":"<p>Homenaje a Cort\u00e1zar Se aprob\u00f3 a trav\u00e9s de una resoluci\u00f3n presentada por la diputada Susana Rinaldi (FPP) la realizaci\u00f3n y organizaci\u00f3n de un acto en homenaje a Julio Cort\u00e1zar, el pr\u00f3ximo 26 de agosto en la plaza que lleva su nombre, en conmemoraci\u00f3n del Centenario de su nacimiento.\u00bbMerece con creces el homenaje que estamos proponiendo. [&hellip;]<\/p>\n","protected":false},"author":2,"featured_media":22784,"comment_status":"open","ping_status":"open","sticky":false,"template":"","format":"standard","meta":{"_et_pb_use_builder":"","_et_pb_old_content":"","_et_gb_content_width":"","footnotes":""},"categories":[11,44],"tags":[],"class_list":["post-25807","post","type-post","status-publish","format-standard","has-post-thumbnail","hentry","category-ciudad","category-funcionarios-de-la-caba"],"_links":{"self":[{"href":"https:\/\/vocesdebaires.com.ar\/index.php\/wp-json\/wp\/v2\/posts\/25807"}],"collection":[{"href":"https:\/\/vocesdebaires.com.ar\/index.php\/wp-json\/wp\/v2\/posts"}],"about":[{"href":"https:\/\/vocesdebaires.com.ar\/index.php\/wp-json\/wp\/v2\/types\/post"}],"author":[{"embeddable":true,"href":"https:\/\/vocesdebaires.com.ar\/index.php\/wp-json\/wp\/v2\/users\/2"}],"replies":[{"embeddable":true,"href":"https:\/\/vocesdebaires.com.ar\/index.php\/wp-json\/wp\/v2\/comments?post=25807"}],"version-history":[{"count":0,"href":"https:\/\/vocesdebaires.com.ar\/index.php\/wp-json\/wp\/v2\/posts\/25807\/revisions"}],"wp:featuredmedia":[{"embeddable":true,"href":"https:\/\/vocesdebaires.com.ar\/index.php\/wp-json\/wp\/v2\/media\/22784"}],"wp:attachment":[{"href":"https:\/\/vocesdebaires.com.ar\/index.php\/wp-json\/wp\/v2\/media?parent=25807"}],"wp:term":[{"taxonomy":"category","embeddable":true,"href":"https:\/\/vocesdebaires.com.ar\/index.php\/wp-json\/wp\/v2\/categories?post=25807"},{"taxonomy":"post_tag","embeddable":true,"href":"https:\/\/vocesdebaires.com.ar\/index.php\/wp-json\/wp\/v2\/tags?post=25807"}],"curies":[{"name":"wp","href":"https:\/\/api.w.org\/{rel}","templated":true}]}}