{"id":25815,"date":"2014-03-21T19:15:32","date_gmt":"2014-03-21T22:15:32","guid":{"rendered":"http:\/\/vocesdebaires.com.ar\/wordpress\/index.php\/2014\/03\/21\/lanus-no-pierde-la-esperanza-2\/"},"modified":"2014-03-21T19:15:32","modified_gmt":"2014-03-21T22:15:32","slug":"lanus-no-pierde-la-esperanza-2","status":"publish","type":"post","link":"https:\/\/vocesdebaires.com.ar\/index.php\/2014\/03\/21\/lanus-no-pierde-la-esperanza-2\/","title":{"rendered":"Lan\u00fas no pierde la esperanza"},"content":{"rendered":"<p><span style=\"line-height: 1.3em;\">Lo que no sale en tres partidos, a veces, se resuelve en cuatro minutos. Eso fue lo que demor\u00f3 Lan\u00fas en encarrilar su situaci\u00f3n en el grupo 3 de la Copa Libertadores. Es que el Granate venci\u00f3 2-0 a Deportivo Cali en Guidi y Arias y, con su primera alegr\u00eda en la fase de grupos, tom\u00f3 aire para esperanzarse con llegar a los octavos de final. Jorge Pereyra D\u00edaz, a los 2 minutos, y Maximiliano Vel\u00e1zquez, a los 4, le dieron la ventaja al equipo de los Barros Schelotto, que podr\u00eda haber ampliado la diferencia si Paolo Goltz, sobre el final, no estrellaba un penal en el travesa\u00f1o del arco defendido por el inoxidable Faryd Mondrag\u00f3n.<\/span><\/p>\n<p><span style=\"line-height: 1.3em;\">El capit\u00e1n Vel\u00e1zquez fue el gran protagonista de la fresca noche en el Sur. Primero con la precisa habilitaci\u00f3n para Pereyra D\u00edaz en el primer gol y al toque con el espectacular zapatazo, a la salida de un c\u00f3rner, para firmar el 2-0. Los colombianos intentaron reaccionar, pero se toparon con las seguras manos de Esteban Andrada, reemplazante de Agust\u00edn Marches\u00edn.<\/span><\/p>\n<p><span style=\"line-height: 1.3em;\">Lan\u00fas tiene 4 puntos y sigue \u00faltimo en el grupo, pero qued\u00f3 a tiro de los dem\u00e1s. Manda Cerro Porte\u00f1o con 7 unidades luego del 2-1 de anoche sobre O\u2019Higgins, que suma 5, mientras que Deportivo Cali se qued\u00f3 en 6. El Granate, que el jueves se medir\u00e1 con los paraguayos, est\u00e1 vivo.<\/span><\/p>\n","protected":false},"excerpt":{"rendered":"<p>Lo que no sale en tres partidos, a veces, se resuelve en cuatro minutos. Eso fue lo que demor\u00f3 Lan\u00fas en encarrilar su situaci\u00f3n en el grupo 3 de la Copa Libertadores. Es que el Granate venci\u00f3 2-0 a Deportivo Cali en Guidi y Arias y, con su primera alegr\u00eda en la fase de grupos, [&hellip;]<\/p>\n","protected":false},"author":2,"featured_media":22796,"comment_status":"open","ping_status":"open","sticky":false,"template":"","format":"standard","meta":{"_et_pb_use_builder":"","_et_pb_old_content":"","_et_gb_content_width":"","footnotes":""},"categories":[14,50],"tags":[],"class_list":["post-25815","post","type-post","status-publish","format-standard","has-post-thumbnail","hentry","category-deportes","category-futbol-internacional-2"],"_links":{"self":[{"href":"https:\/\/vocesdebaires.com.ar\/index.php\/wp-json\/wp\/v2\/posts\/25815"}],"collection":[{"href":"https:\/\/vocesdebaires.com.ar\/index.php\/wp-json\/wp\/v2\/posts"}],"about":[{"href":"https:\/\/vocesdebaires.com.ar\/index.php\/wp-json\/wp\/v2\/types\/post"}],"author":[{"embeddable":true,"href":"https:\/\/vocesdebaires.com.ar\/index.php\/wp-json\/wp\/v2\/users\/2"}],"replies":[{"embeddable":true,"href":"https:\/\/vocesdebaires.com.ar\/index.php\/wp-json\/wp\/v2\/comments?post=25815"}],"version-history":[{"count":0,"href":"https:\/\/vocesdebaires.com.ar\/index.php\/wp-json\/wp\/v2\/posts\/25815\/revisions"}],"wp:featuredmedia":[{"embeddable":true,"href":"https:\/\/vocesdebaires.com.ar\/index.php\/wp-json\/wp\/v2\/media\/22796"}],"wp:attachment":[{"href":"https:\/\/vocesdebaires.com.ar\/index.php\/wp-json\/wp\/v2\/media?parent=25815"}],"wp:term":[{"taxonomy":"category","embeddable":true,"href":"https:\/\/vocesdebaires.com.ar\/index.php\/wp-json\/wp\/v2\/categories?post=25815"},{"taxonomy":"post_tag","embeddable":true,"href":"https:\/\/vocesdebaires.com.ar\/index.php\/wp-json\/wp\/v2\/tags?post=25815"}],"curies":[{"name":"wp","href":"https:\/\/api.w.org\/{rel}","templated":true}]}}