{"id":25817,"date":"2014-03-21T19:38:01","date_gmt":"2014-03-21T22:38:01","guid":{"rendered":"http:\/\/vocesdebaires.com.ar\/wordpress\/index.php\/2014\/03\/21\/delpo-con-el-apoyo-de-tres-gigantes-2\/"},"modified":"2014-03-21T19:38:01","modified_gmt":"2014-03-21T22:38:01","slug":"delpo-con-el-apoyo-de-tres-gigantes-2","status":"publish","type":"post","link":"https:\/\/vocesdebaires.com.ar\/index.php\/2014\/03\/21\/delpo-con-el-apoyo-de-tres-gigantes-2\/","title":{"rendered":"Delpo, con el apoyo de tres gigantes"},"content":{"rendered":"<p><span style=\"line-height: 1.3em;\">Roger Federer, Novak Djokovic y Andy Murray conf\u00edan en la experiencia de Juan Mart\u00edn del Potro para que supere la lesi\u00f3n que lo tiene alejado de las canchas y que lo obligaron a retirarse de los Masters 1000 de Indian Wells y Miami, donde deb\u00eda debutar hoy. <\/span><\/p>\n<p><span style=\"line-height: 1.3em;\">Tiene que repensar qu\u00e9 hacer a partir de ahora, porque no es algo que uno quiera seguir haciendo. O descansas o juegas con dolor. Y si duele mucho, no tienes muchas posibilidades\u201d, dijo Roger Federer en un parate de su actividad en el torneo estadounidense. \u201cLo bueno es que ya lo super\u00f3 una vez. De alguna manera, ya sabe lo que es\u201d, complet\u00f3 el suizo, que anim\u00f3 al tandilense a estar \u201cfuerte mentalmente\u201d.<\/span><\/p>\n<p><span style=\"line-height: 1.3em;\">Por su parte, Djokovic manifest\u00f3: \u201cEs muy alto y es muy dif\u00edcil para \u00e9l jugar cada semana a un nivel alto. Su cuerpo est\u00e1 sufriendo y es una mala suerte que alguien de su calidad no juegue. El tenis lo extra\u00f1a. Es siempre uno de los candidatos para los grandes t\u00edtulos y un muy buen chico\u201d.<\/span><span style=\"line-height: 1.3em;\">Por \u00faltimo, Murray dese\u00f3: \u201cYa se recuper\u00f3 antes de un problema serio, volvi\u00f3 al nivel anterior y espero que lo pueda hacer de nuevo\u201d.<\/span><\/p>\n","protected":false},"excerpt":{"rendered":"<p>Roger Federer, Novak Djokovic y Andy Murray conf\u00edan en la experiencia de Juan Mart\u00edn del Potro para que supere la lesi\u00f3n que lo tiene alejado de las canchas y que lo obligaron a retirarse de los Masters 1000 de Indian Wells y Miami, donde deb\u00eda debutar hoy. Tiene que repensar qu\u00e9 hacer a partir de [&hellip;]<\/p>\n","protected":false},"author":2,"featured_media":22799,"comment_status":"open","ping_status":"open","sticky":false,"template":"","format":"standard","meta":{"_et_pb_use_builder":"","_et_pb_old_content":"","_et_gb_content_width":"","footnotes":""},"categories":[14,51],"tags":[],"class_list":["post-25817","post","type-post","status-publish","format-standard","has-post-thumbnail","hentry","category-deportes","category-tenis"],"_links":{"self":[{"href":"https:\/\/vocesdebaires.com.ar\/index.php\/wp-json\/wp\/v2\/posts\/25817"}],"collection":[{"href":"https:\/\/vocesdebaires.com.ar\/index.php\/wp-json\/wp\/v2\/posts"}],"about":[{"href":"https:\/\/vocesdebaires.com.ar\/index.php\/wp-json\/wp\/v2\/types\/post"}],"author":[{"embeddable":true,"href":"https:\/\/vocesdebaires.com.ar\/index.php\/wp-json\/wp\/v2\/users\/2"}],"replies":[{"embeddable":true,"href":"https:\/\/vocesdebaires.com.ar\/index.php\/wp-json\/wp\/v2\/comments?post=25817"}],"version-history":[{"count":0,"href":"https:\/\/vocesdebaires.com.ar\/index.php\/wp-json\/wp\/v2\/posts\/25817\/revisions"}],"wp:featuredmedia":[{"embeddable":true,"href":"https:\/\/vocesdebaires.com.ar\/index.php\/wp-json\/wp\/v2\/media\/22799"}],"wp:attachment":[{"href":"https:\/\/vocesdebaires.com.ar\/index.php\/wp-json\/wp\/v2\/media?parent=25817"}],"wp:term":[{"taxonomy":"category","embeddable":true,"href":"https:\/\/vocesdebaires.com.ar\/index.php\/wp-json\/wp\/v2\/categories?post=25817"},{"taxonomy":"post_tag","embeddable":true,"href":"https:\/\/vocesdebaires.com.ar\/index.php\/wp-json\/wp\/v2\/tags?post=25817"}],"curies":[{"name":"wp","href":"https:\/\/api.w.org\/{rel}","templated":true}]}}