{"id":25821,"date":"2014-03-25T18:59:42","date_gmt":"2014-03-25T21:59:42","guid":{"rendered":"http:\/\/vocesdebaires.com.ar\/wordpress\/index.php\/2014\/03\/25\/huesped-de-honorla-dra-adriana-schnake-silva-2\/"},"modified":"2014-03-25T18:59:42","modified_gmt":"2014-03-25T21:59:42","slug":"huesped-de-honorla-dra-adriana-schnake-silva-2","status":"publish","type":"post","link":"https:\/\/vocesdebaires.com.ar\/index.php\/2014\/03\/25\/huesped-de-honorla-dra-adriana-schnake-silva-2\/","title":{"rendered":"Hu\u00e9sped de Honor,la Dra. Adriana Schnake Silva"},"content":{"rendered":"<p><span style=\"line-height: 1.3em;\">La Dra. Adriana Schnake Silva se encuentra de visita en la ciudad de Buenos Aires, recibi\u00f3 el reconocimiento de Hu\u00e9sped de Honor, distinci\u00f3n otorgada por la Legislatura, a trav\u00e9s de una propuesta del diputado Francisco Quintana (PRO).<\/span><\/p>\n<p>Se trata de una m\u00e9dica psiquiatra, egresada y ex profesora de la Universidad de Chile. Reconocida internacionalmente por ser la fundadora del Centro de Salud y Desarrollo Anchimal\u00e9n, que desde hace m\u00e1s de 30 a\u00f1os recibe visitantes de todas partes del mundo en b\u00fasqueda de formaci\u00f3n profesional y tratamientos terap\u00e9uticos. \u00abEs una persona que tiene un gran v\u00ednculo con nuestro pa\u00eds. Queremos agradecerte por tu contribuci\u00f3n y el aporte de tu trabajo cient\u00edfico\u00bb, expres\u00f3 Quintana.<span style=\"line-height: 1.3em;\">Por su parte, la homenajeada agradeci\u00f3 a la Legislatura y a los colegas que se encontraban entre el p\u00fablico presente: \u00abEsta hermosa ciudad siempre me recibi\u00f3 con amor. Aqu\u00ed en Buenos Aires publiqu\u00e9 mi primer libro, cuando ten\u00edamos dictadura en Chile. Hoy me encuentro con un reconocimiento inesperado\u00bb.<\/span><\/p>\n<p>Desde sus comienzos, Silva siempre estuvo interesada en comprender al ser humano desde una perspectiva diferente a la provista por el psicoan\u00e1lisis freudiano. As\u00ed, explor\u00f3 con sus alumnos los diversos enfoques, entre ellos, el existencialismo, el conductismo, el psicoan\u00e1lisis jungueano o el uso de sustancias psicotr\u00f3picas, para finalmente dedicarse a la Psicoterapia Gestalt, donde ha llegado a ser una de las figuras m\u00e1s relevantes en el cono sur y en el \u00e1mbito de habla hispana.<\/p>\n<p>El prop\u00f3sito de la corriente psicoterap\u00e9utica de Gestalt es encontrar una manera de abordar al dolor humano bajo la mirada de un dise\u00f1o grupal. Gracias al desarrollo de este enfoque psicoterap\u00e9utico, el aporte de Schnake permiti\u00f3 un fortalecimiento de la comunidad de conocimiento y curaci\u00f3n, de modo que adem\u00e1s de ser una referencia en el tema, tambi\u00e9n se la conoce como Maestra en el arte de la cura ps\u00edquica.<span style=\"line-height: 1.3em;\">Como resultado de su labor, en el a\u00f1o 1982 en Buenos Aires se form\u00f3 la Asociaci\u00f3n Gest\u00e1ltica de Buenos Aires (AGBA), de la cual la Dra. Schnake es presidenta honoraria. En Espa\u00f1a tambi\u00e9n es miembro honorario de la Asociaci\u00f3n Espa\u00f1ola de Psicoterapia Gestalt (AETG), y asimismo es Presidente de diferentes Congresos bianuales del Enfoque Gestaltico alrededor del mundo.<\/span><\/p>\n<p>Foto: Dra. Adriana Schnake Silva junto al diputado Francisco Quintana (PRO)<\/p>\n","protected":false},"excerpt":{"rendered":"<p>La Dra. Adriana Schnake Silva se encuentra de visita en la ciudad de Buenos Aires, recibi\u00f3 el reconocimiento de Hu\u00e9sped de Honor, distinci\u00f3n otorgada por la Legislatura, a trav\u00e9s de una propuesta del diputado Francisco Quintana (PRO). Se trata de una m\u00e9dica psiquiatra, egresada y ex profesora de la Universidad de Chile. Reconocida internacionalmente por [&hellip;]<\/p>\n","protected":false},"author":2,"featured_media":22807,"comment_status":"open","ping_status":"open","sticky":false,"template":"","format":"standard","meta":{"_et_pb_use_builder":"","_et_pb_old_content":"","_et_gb_content_width":"","footnotes":""},"categories":[11,44],"tags":[],"class_list":["post-25821","post","type-post","status-publish","format-standard","has-post-thumbnail","hentry","category-ciudad","category-funcionarios-de-la-caba"],"_links":{"self":[{"href":"https:\/\/vocesdebaires.com.ar\/index.php\/wp-json\/wp\/v2\/posts\/25821"}],"collection":[{"href":"https:\/\/vocesdebaires.com.ar\/index.php\/wp-json\/wp\/v2\/posts"}],"about":[{"href":"https:\/\/vocesdebaires.com.ar\/index.php\/wp-json\/wp\/v2\/types\/post"}],"author":[{"embeddable":true,"href":"https:\/\/vocesdebaires.com.ar\/index.php\/wp-json\/wp\/v2\/users\/2"}],"replies":[{"embeddable":true,"href":"https:\/\/vocesdebaires.com.ar\/index.php\/wp-json\/wp\/v2\/comments?post=25821"}],"version-history":[{"count":0,"href":"https:\/\/vocesdebaires.com.ar\/index.php\/wp-json\/wp\/v2\/posts\/25821\/revisions"}],"wp:featuredmedia":[{"embeddable":true,"href":"https:\/\/vocesdebaires.com.ar\/index.php\/wp-json\/wp\/v2\/media\/22807"}],"wp:attachment":[{"href":"https:\/\/vocesdebaires.com.ar\/index.php\/wp-json\/wp\/v2\/media?parent=25821"}],"wp:term":[{"taxonomy":"category","embeddable":true,"href":"https:\/\/vocesdebaires.com.ar\/index.php\/wp-json\/wp\/v2\/categories?post=25821"},{"taxonomy":"post_tag","embeddable":true,"href":"https:\/\/vocesdebaires.com.ar\/index.php\/wp-json\/wp\/v2\/tags?post=25821"}],"curies":[{"name":"wp","href":"https:\/\/api.w.org\/{rel}","templated":true}]}}