{"id":25822,"date":"2014-03-25T19:26:32","date_gmt":"2014-03-25T22:26:32","guid":{"rendered":"http:\/\/vocesdebaires.com.ar\/wordpress\/index.php\/2014\/03\/25\/mas-control-mas-seguridad-vial-2\/"},"modified":"2014-03-25T19:26:32","modified_gmt":"2014-03-25T22:26:32","slug":"mas-control-mas-seguridad-vial-2","status":"publish","type":"post","link":"https:\/\/vocesdebaires.com.ar\/index.php\/2014\/03\/25\/mas-control-mas-seguridad-vial-2\/","title":{"rendered":"M\u00e1s Control, m\u00e1s Seguridad Vial"},"content":{"rendered":"<p><span style=\"line-height: 1.3em;\">La Diputada del PRO Mar\u00eda Raquel Herrero, autora de las leyes 3916 y 4071, manifest\u00f3 su satisfacci\u00f3n y apoy\u00f3 la iniciativa del Jefe de Gobierno de controlar a trav\u00e9s de c\u00e1maras a aquellos conductores que invadan el carril del metrobus.<\/span><span style=\"line-height: 1.3em;\">Las leyes, de autor\u00eda de la Diputada del Pro establecen multas para aquellos conductores de autom\u00f3viles o motos que \u00a0invadan los carriles del Metrob\u00fas y ciclov\u00edas (Ley 4071), y la retenci\u00f3n preventiva de la licencia de conducir (Ley 3916). <\/span><\/p>\n<p><span style=\"line-height: 1.3em;\">La decisi\u00f3n del Gobierno de la Ciudad es la de colocar c\u00e1maras en 15 l\u00edneas de colectivos que circulan por los tres corredores de Metrobus de la Ciudad: 9 de Julio, del Sur y Juan B Justo, y para la Diputada Herrero esto \u201cser\u00e1 un paso m\u00e1s en pos seguir mejorando el servicio y principalmente la seguridad vial en la ciudad\u201d.<\/span><span style=\"line-height: 1.3em;\">Para finalizar, la Diputada Raquel Herrero afirm\u00f3: \u201cLa Seguridad Vial es un tema principal en mi agenda legislativa y seguiremos trabajando para mejorarla d\u00eda a d\u00eda. El control es fundamental por eso lo celebro\u201d.<\/span><\/p>\n","protected":false},"excerpt":{"rendered":"<p>La Diputada del PRO Mar\u00eda Raquel Herrero, autora de las leyes 3916 y 4071, manifest\u00f3 su satisfacci\u00f3n y apoy\u00f3 la iniciativa del Jefe de Gobierno de controlar a trav\u00e9s de c\u00e1maras a aquellos conductores que invadan el carril del metrobus.Las leyes, de autor\u00eda de la Diputada del Pro establecen multas para aquellos conductores de autom\u00f3viles [&hellip;]<\/p>\n","protected":false},"author":2,"featured_media":17899,"comment_status":"open","ping_status":"open","sticky":false,"template":"","format":"standard","meta":{"_et_pb_use_builder":"","_et_pb_old_content":"","_et_gb_content_width":"","footnotes":""},"categories":[11,44],"tags":[],"class_list":["post-25822","post","type-post","status-publish","format-standard","has-post-thumbnail","hentry","category-ciudad","category-funcionarios-de-la-caba"],"_links":{"self":[{"href":"https:\/\/vocesdebaires.com.ar\/index.php\/wp-json\/wp\/v2\/posts\/25822"}],"collection":[{"href":"https:\/\/vocesdebaires.com.ar\/index.php\/wp-json\/wp\/v2\/posts"}],"about":[{"href":"https:\/\/vocesdebaires.com.ar\/index.php\/wp-json\/wp\/v2\/types\/post"}],"author":[{"embeddable":true,"href":"https:\/\/vocesdebaires.com.ar\/index.php\/wp-json\/wp\/v2\/users\/2"}],"replies":[{"embeddable":true,"href":"https:\/\/vocesdebaires.com.ar\/index.php\/wp-json\/wp\/v2\/comments?post=25822"}],"version-history":[{"count":0,"href":"https:\/\/vocesdebaires.com.ar\/index.php\/wp-json\/wp\/v2\/posts\/25822\/revisions"}],"wp:featuredmedia":[{"embeddable":true,"href":"https:\/\/vocesdebaires.com.ar\/index.php\/wp-json\/wp\/v2\/media\/17899"}],"wp:attachment":[{"href":"https:\/\/vocesdebaires.com.ar\/index.php\/wp-json\/wp\/v2\/media?parent=25822"}],"wp:term":[{"taxonomy":"category","embeddable":true,"href":"https:\/\/vocesdebaires.com.ar\/index.php\/wp-json\/wp\/v2\/categories?post=25822"},{"taxonomy":"post_tag","embeddable":true,"href":"https:\/\/vocesdebaires.com.ar\/index.php\/wp-json\/wp\/v2\/tags?post=25822"}],"curies":[{"name":"wp","href":"https:\/\/api.w.org\/{rel}","templated":true}]}}