{"id":25829,"date":"2014-03-26T13:09:51","date_gmt":"2014-03-26T16:09:51","guid":{"rendered":"http:\/\/vocesdebaires.com.ar\/wordpress\/index.php\/2014\/03\/26\/francisco-apoyo-la-toma-de-tierrasen-villa-lugano-2\/"},"modified":"2014-03-26T13:09:51","modified_gmt":"2014-03-26T16:09:51","slug":"francisco-apoyo-la-toma-de-tierrasen-villa-lugano-2","status":"publish","type":"post","link":"https:\/\/vocesdebaires.com.ar\/index.php\/2014\/03\/26\/francisco-apoyo-la-toma-de-tierrasen-villa-lugano-2\/","title":{"rendered":"Francisco apoy\u00f3 la toma de tierras,en Villa Lugano"},"content":{"rendered":"<p><span style=\"line-height: 1.3em;\">El legislador porte\u00f1o de Verde Alameda UNEN Gustavo Vera indic\u00f3 que \u00a0habl\u00f3 con Francisco , quien lo felicit\u00f3 por su cumplea\u00f1os, y confirm\u00f3 que lo recibir\u00e1 entre el 3 y el 7 de mayo en Santa Marta para analizar la marcha de un programa \u201cantimafia\u201d que impulsa La Alameda, que involucra la lucha contra el narcotr\u00e1fico, la trata de personas, el trabajo esclavo y la corrupci\u00f3n.<\/span><span style=\"line-height: 1.3em;\">Al mismo tiempo el \u00a0papa Francisco se interioriz\u00f3 en las \u00faltimas horas sobre la situaci\u00f3n que se vive en el predio tomado en el barrio porte\u00f1o de Villa Lugano -que fue denominado por los ocupantes con el nombre del sumo pont\u00edfice- y se quej\u00f3 de que \u201cantes no quer\u00edan desalojar a los autos y ahora se apuran por desalojar personas\u201d.<\/span><\/p>\n<p><span style=\"line-height: 1.3em;\">Francisco tuvo un di\u00e1logo v\u00eda correo electr\u00f3nico este fin de semana con el diputado porte\u00f1o y referente de la fundaci\u00f3n La Alameda, Gustavo Vera, quien le inform\u00f3 sobre la situaci\u00f3n que se viven en ese predio, ubicado en una de las zonas m\u00e1s postergadas de la Capital, lindera con la villa 20.<\/span><span style=\"line-height: 1.3em;\">\u201cEn un mail que me mand\u00f3 ayer el Papa, recuerda que estamos combatiendo el cementerio de autos hace a\u00f1os. Hab\u00eda contaminaci\u00f3n de plomo y otros materiales y no hab\u00eda caso. Antes no quer\u00edan desalojar a los autos y ahora est\u00e1n apurados por desalojar a las personas, sin resolver el problema de la exclusi\u00f3n\u201d, revel\u00f3 Vera a LA NACION.<\/span><\/p>\n<p><span style=\"line-height: 1.3em;\">En la zona que fue ocupada el 24 de febrero, hace hoy un mes, antes se apilaban veh\u00edculos abandonados, muchos de los cuales ten\u00edan intervenci\u00f3n judicial. Por la permanencia de los autos, el terreno qued\u00f3 contaminado por una serie de materiales pesados y qu\u00edmicos. Las autoridades porte\u00f1as y las nacionales intentaron negociar una salida con los ocupantes, sobre todo, por la peligrosidad de la vida all\u00ed. Ante la resistencia, la justicia contravencional dict\u00f3 una orden de desalojo que, por ahora, no se cumpli\u00f3.<\/span><\/p>\n","protected":false},"excerpt":{"rendered":"<p>El legislador porte\u00f1o de Verde Alameda UNEN Gustavo Vera indic\u00f3 que \u00a0habl\u00f3 con Francisco , quien lo felicit\u00f3 por su cumplea\u00f1os, y confirm\u00f3 que lo recibir\u00e1 entre el 3 y el 7 de mayo en Santa Marta para analizar la marcha de un programa \u201cantimafia\u201d que impulsa La Alameda, que involucra la lucha contra el [&hellip;]<\/p>\n","protected":false},"author":2,"featured_media":22822,"comment_status":"open","ping_status":"open","sticky":false,"template":"","format":"standard","meta":{"_et_pb_use_builder":"","_et_pb_old_content":"","_et_gb_content_width":"","footnotes":""},"categories":[11,44],"tags":[],"class_list":["post-25829","post","type-post","status-publish","format-standard","has-post-thumbnail","hentry","category-ciudad","category-funcionarios-de-la-caba"],"_links":{"self":[{"href":"https:\/\/vocesdebaires.com.ar\/index.php\/wp-json\/wp\/v2\/posts\/25829"}],"collection":[{"href":"https:\/\/vocesdebaires.com.ar\/index.php\/wp-json\/wp\/v2\/posts"}],"about":[{"href":"https:\/\/vocesdebaires.com.ar\/index.php\/wp-json\/wp\/v2\/types\/post"}],"author":[{"embeddable":true,"href":"https:\/\/vocesdebaires.com.ar\/index.php\/wp-json\/wp\/v2\/users\/2"}],"replies":[{"embeddable":true,"href":"https:\/\/vocesdebaires.com.ar\/index.php\/wp-json\/wp\/v2\/comments?post=25829"}],"version-history":[{"count":0,"href":"https:\/\/vocesdebaires.com.ar\/index.php\/wp-json\/wp\/v2\/posts\/25829\/revisions"}],"wp:featuredmedia":[{"embeddable":true,"href":"https:\/\/vocesdebaires.com.ar\/index.php\/wp-json\/wp\/v2\/media\/22822"}],"wp:attachment":[{"href":"https:\/\/vocesdebaires.com.ar\/index.php\/wp-json\/wp\/v2\/media?parent=25829"}],"wp:term":[{"taxonomy":"category","embeddable":true,"href":"https:\/\/vocesdebaires.com.ar\/index.php\/wp-json\/wp\/v2\/categories?post=25829"},{"taxonomy":"post_tag","embeddable":true,"href":"https:\/\/vocesdebaires.com.ar\/index.php\/wp-json\/wp\/v2\/tags?post=25829"}],"curies":[{"name":"wp","href":"https:\/\/api.w.org\/{rel}","templated":true}]}}