{"id":25841,"date":"2014-03-28T13:14:29","date_gmt":"2014-03-28T16:14:29","guid":{"rendered":"http:\/\/vocesdebaires.com.ar\/wordpress\/index.php\/2014\/03\/28\/dia-del-donante-de-medula-osea-2\/"},"modified":"2014-03-28T13:14:29","modified_gmt":"2014-03-28T16:14:29","slug":"dia-del-donante-de-medula-osea-2","status":"publish","type":"post","link":"https:\/\/vocesdebaires.com.ar\/index.php\/2014\/03\/28\/dia-del-donante-de-medula-osea-2\/","title":{"rendered":"D\u00eda del donante de m\u00e9dula \u00f3sea"},"content":{"rendered":"<p><span style=\"line-height: 1.3em;\">Se aprob\u00f3 una ley de autor\u00eda de las diputadas Karina Spalla y Raquel Herrero (PRO) para adherir a la celebraci\u00f3n del aniversario de la puesta en funcionamiento del Registro Nacional de Donantes de m\u00e9dula \u00f3sea, que se conmemora el 1\u00b0 de abril. La puesta en funcionamiento del Registro Nacional de Donantes de C\u00e9lulas Progenitoras Hematopoy\u00e9ticas fue creado por la ley 25.392, sancionada el 30 de Noviembre del a\u00f1o 2000. <\/span><\/p>\n<p><span style=\"line-height: 1.3em;\">El trasplante de c\u00e9lulas progenitoras hematopoy\u00e9ticas (conocido popularmente como trasplante de m\u00e9dula \u00f3sea) constituye un tratamiento curativo para numerosas enfermedades oncohematol\u00f3gicas (leucemias, linfomas) y otras, como errores cong\u00e9nitos del metabolismo y distintos trastornos inmunol\u00f3gicos. \u00abCreemos que la \u00fanica manera de aumentar el n\u00famero de donantes voluntarios de c\u00e9lulas progenitoras hematopoy\u00e9ticas es generar conciencia en la poblaci\u00f3n sobre la importancia de la donaci\u00f3n y los beneficios del trasplante de m\u00e9dula \u00f3sea, as\u00ed como la ausencia de perjuicios para el donante y la sencillez del procedimiento, desconocido para la mayor\u00eda de las personas\u00bb, destacaban las autoras en los fundamentos del proyecto. <\/span><\/p>\n","protected":false},"excerpt":{"rendered":"<p>Se aprob\u00f3 una ley de autor\u00eda de las diputadas Karina Spalla y Raquel Herrero (PRO) para adherir a la celebraci\u00f3n del aniversario de la puesta en funcionamiento del Registro Nacional de Donantes de m\u00e9dula \u00f3sea, que se conmemora el 1\u00b0 de abril. La puesta en funcionamiento del Registro Nacional de Donantes de C\u00e9lulas Progenitoras Hematopoy\u00e9ticas [&hellip;]<\/p>\n","protected":false},"author":2,"featured_media":22846,"comment_status":"open","ping_status":"open","sticky":false,"template":"","format":"standard","meta":{"_et_pb_use_builder":"","_et_pb_old_content":"","_et_gb_content_width":"","footnotes":""},"categories":[11,44],"tags":[],"class_list":["post-25841","post","type-post","status-publish","format-standard","has-post-thumbnail","hentry","category-ciudad","category-funcionarios-de-la-caba"],"_links":{"self":[{"href":"https:\/\/vocesdebaires.com.ar\/index.php\/wp-json\/wp\/v2\/posts\/25841"}],"collection":[{"href":"https:\/\/vocesdebaires.com.ar\/index.php\/wp-json\/wp\/v2\/posts"}],"about":[{"href":"https:\/\/vocesdebaires.com.ar\/index.php\/wp-json\/wp\/v2\/types\/post"}],"author":[{"embeddable":true,"href":"https:\/\/vocesdebaires.com.ar\/index.php\/wp-json\/wp\/v2\/users\/2"}],"replies":[{"embeddable":true,"href":"https:\/\/vocesdebaires.com.ar\/index.php\/wp-json\/wp\/v2\/comments?post=25841"}],"version-history":[{"count":0,"href":"https:\/\/vocesdebaires.com.ar\/index.php\/wp-json\/wp\/v2\/posts\/25841\/revisions"}],"wp:featuredmedia":[{"embeddable":true,"href":"https:\/\/vocesdebaires.com.ar\/index.php\/wp-json\/wp\/v2\/media\/22846"}],"wp:attachment":[{"href":"https:\/\/vocesdebaires.com.ar\/index.php\/wp-json\/wp\/v2\/media?parent=25841"}],"wp:term":[{"taxonomy":"category","embeddable":true,"href":"https:\/\/vocesdebaires.com.ar\/index.php\/wp-json\/wp\/v2\/categories?post=25841"},{"taxonomy":"post_tag","embeddable":true,"href":"https:\/\/vocesdebaires.com.ar\/index.php\/wp-json\/wp\/v2\/tags?post=25841"}],"curies":[{"name":"wp","href":"https:\/\/api.w.org\/{rel}","templated":true}]}}