{"id":25842,"date":"2014-03-28T13:29:06","date_gmt":"2014-03-28T16:29:06","guid":{"rendered":"http:\/\/vocesdebaires.com.ar\/wordpress\/index.php\/2014\/03\/28\/celebraciones-por-aniversario-de-balvanerade-interes-social-y-cultural-2\/"},"modified":"2014-03-28T13:29:06","modified_gmt":"2014-03-28T16:29:06","slug":"celebraciones-por-aniversario-de-balvanerade-interes-social-y-cultural-2","status":"publish","type":"post","link":"https:\/\/vocesdebaires.com.ar\/index.php\/2014\/03\/28\/celebraciones-por-aniversario-de-balvanerade-interes-social-y-cultural-2\/","title":{"rendered":"Celebraciones por aniversario de Balvanera,de inter\u00e9s social y cultural"},"content":{"rendered":"<p><span style=\"line-height: 1.3em;\">La Legislatura de la Ciudad Aut\u00f3noma de Buenos Aires declar\u00f3 ayer jueves durante la Sesi\u00f3n ordinaria, de inter\u00e9s social y cultural las celebraciones por el aniversario del barrio de Balvanera, a conmemorarse el d\u00eda 1 de abril de 2014, por iniciativa de la legisladora del Frente para la Victoria, Mar\u00eda Rosa Mui\u00f1os.<\/span><\/p>\n<p><span style=\"line-height: 1.3em;\">\u00abEs importante promover estos eventos con el fin de festejar los aniversarios de cada uno de los barrios que componen el \u00e1mbito de la Ciudad para afianzar las identidades culturales de los mismos y revalorizar, as\u00ed, el patrimonio intangible de Balvanera con el objeto de \u00a0fortalecer el sentido de pertenencia\u00bb, sostiene Mui\u00f1os en los fundamentos de la declaraci\u00f3n.<\/span><span style=\"line-height: 1.3em;\">Y recuerda \u00abpor ley 725, sancionada el 14 de diciembre de 2001, la Legislatura de la Ciudad Aut\u00f3noma de Buenos Aires \u00a0constituy\u00f3 \u00a0el d\u00eda 1\u00ba de Abril de cada a\u00f1o como el \u00abD\u00eda del Barrio de Balvanera\u00bb.<\/span><\/p>\n<p><span style=\"line-height: 1.3em;\">Adem\u00e1s, Mui\u00f1os informa en el expediente que \u00ablos or\u00edgenes del Barrio de Balvanera se remontan a la segunda mitad del siglo XVIII, espec\u00edficamente el 7 de diciembre de 1787, cuando el matrimonio formado por Antonio Gonz\u00e1lez Varela &#8211; apodado Miserere &#8211; y su esposa Josefa Ram\u00edrez, donaron una parte de sus tierras para la construcci\u00f3n de un hospicio, que fuera albergue de los misioneros franciscanos y junto al cual se levant\u00f3 la primitiva Iglesia de Nuestra Se\u00f1ora de Balvanera, que se termin\u00f3 de construir en 1810\u00bb.<\/span><span style=\"line-height: 1.3em;\">Por \u00faltimo, las Juntistas de la Comuna 3 Berenice Ianez y Mar\u00eda Suarez informaron que \u00a0el viernes 28 de marzo de 2014 a las 19hs. se realizar\u00e1 una \u00abMilonga a Cielo Abierto\u00bb en el Pasaje Disc\u00e9polo y Av. Corrientes, para celebrar la fecha.<\/span><\/p>\n","protected":false},"excerpt":{"rendered":"<p>La Legislatura de la Ciudad Aut\u00f3noma de Buenos Aires declar\u00f3 ayer jueves durante la Sesi\u00f3n ordinaria, de inter\u00e9s social y cultural las celebraciones por el aniversario del barrio de Balvanera, a conmemorarse el d\u00eda 1 de abril de 2014, por iniciativa de la legisladora del Frente para la Victoria, Mar\u00eda Rosa Mui\u00f1os. \u00abEs importante promover [&hellip;]<\/p>\n","protected":false},"author":2,"featured_media":22848,"comment_status":"open","ping_status":"open","sticky":false,"template":"","format":"standard","meta":{"_et_pb_use_builder":"","_et_pb_old_content":"","_et_gb_content_width":"","footnotes":""},"categories":[11,44],"tags":[],"class_list":["post-25842","post","type-post","status-publish","format-standard","has-post-thumbnail","hentry","category-ciudad","category-funcionarios-de-la-caba"],"_links":{"self":[{"href":"https:\/\/vocesdebaires.com.ar\/index.php\/wp-json\/wp\/v2\/posts\/25842"}],"collection":[{"href":"https:\/\/vocesdebaires.com.ar\/index.php\/wp-json\/wp\/v2\/posts"}],"about":[{"href":"https:\/\/vocesdebaires.com.ar\/index.php\/wp-json\/wp\/v2\/types\/post"}],"author":[{"embeddable":true,"href":"https:\/\/vocesdebaires.com.ar\/index.php\/wp-json\/wp\/v2\/users\/2"}],"replies":[{"embeddable":true,"href":"https:\/\/vocesdebaires.com.ar\/index.php\/wp-json\/wp\/v2\/comments?post=25842"}],"version-history":[{"count":0,"href":"https:\/\/vocesdebaires.com.ar\/index.php\/wp-json\/wp\/v2\/posts\/25842\/revisions"}],"wp:featuredmedia":[{"embeddable":true,"href":"https:\/\/vocesdebaires.com.ar\/index.php\/wp-json\/wp\/v2\/media\/22848"}],"wp:attachment":[{"href":"https:\/\/vocesdebaires.com.ar\/index.php\/wp-json\/wp\/v2\/media?parent=25842"}],"wp:term":[{"taxonomy":"category","embeddable":true,"href":"https:\/\/vocesdebaires.com.ar\/index.php\/wp-json\/wp\/v2\/categories?post=25842"},{"taxonomy":"post_tag","embeddable":true,"href":"https:\/\/vocesdebaires.com.ar\/index.php\/wp-json\/wp\/v2\/tags?post=25842"}],"curies":[{"name":"wp","href":"https:\/\/api.w.org\/{rel}","templated":true}]}}