{"id":25845,"date":"2014-03-28T14:43:40","date_gmt":"2014-03-28T17:43:40","guid":{"rendered":"http:\/\/vocesdebaires.com.ar\/wordpress\/index.php\/2014\/03\/28\/diez-anos-de-la-recuperacion-de-la-esma-2\/"},"modified":"2014-03-28T14:43:40","modified_gmt":"2014-03-28T17:43:40","slug":"diez-anos-de-la-recuperacion-de-la-esma-2","status":"publish","type":"post","link":"https:\/\/vocesdebaires.com.ar\/index.php\/2014\/03\/28\/diez-anos-de-la-recuperacion-de-la-esma-2\/","title":{"rendered":"Diez a\u00f1os de la recuperaci\u00f3n de la ESMA"},"content":{"rendered":"<p><span style=\"line-height: 1.3em;\">Con una declaraci\u00f3n, impulsada por la diputada Gabriela Alegre (FpV), la Legislatura \u00abconmemor\u00f3 hoy los diez a\u00f1os de la recuperaci\u00f3n del predio de la ex Escuela de Mec\u00e1nica de la Armada, llevada a cabo por iniciativa del entonces Presidente N\u00e9stor Kirchner\u00bb, y manifest\u00f3 \u00abel benepl\u00e1cito por su transformaci\u00f3n en un lugar de promoci\u00f3n de los Derechos Humanos y de reflexi\u00f3n sobre el terrorismo de Estado y nuestra historia reciente\u00bb.<\/span><\/p>\n<p><span style=\"line-height: 1.3em;\">El 24 de marzo de 2004 se suscribi\u00f3 el Convenio entre Gobierno Nacional y el Gobierno de la Ciudad, en cabeza del entonces jefe de Gobierno An\u00edbal Ibarra, para la restituci\u00f3n a la Ciudad del predio donde funcionara el Centro Clandestino de Detenci\u00f3n ESMA, la desocupaci\u00f3n por parte de la FFAA y su transformaci\u00f3n en un espacio para la memoria y la promoci\u00f3n y defensa de los Derechos Humanos. Luego de efectivizada la desocupaci\u00f3n, el 20 de noviembre de 2007 la Naci\u00f3n y la Ciudad Aut\u00f3noma de Buenos Aires firmaron el convenio de creaci\u00f3n del Ente P\u00fablico Interjurisdiccional Espacio para la Memoria y para la Promoci\u00f3n y Defensa de los Derechos Humanos que tiene a su cargo la administraci\u00f3n del predio.<\/span><\/p>\n<p>Cambio de nombre a la calle Inglaterra<\/p>\n<p><span style=\"line-height: 1.3em;\">Recibi\u00f3 sanci\u00f3n definitiva una ley que establece cambiar la denominaci\u00f3n de la calle Inglaterra por \u00abPasaje 2 de abril\u00bb. La actual calle Inglaterra es un pasaje de dos cuadras, en el barrio de Agronom\u00eda que lleva dicha denominaci\u00f3n de forma oficial hace d\u00e9cadas. Fue, por intervenci\u00f3n de los vecinos, bautizada popularmente como \u00ab2 de abril\u00bb, en raz\u00f3n del conflicto b\u00e9lico con dicha naci\u00f3n. El proyecto hab\u00eda sido presentado por el bloque PRO. <\/span><span style=\"line-height: 1.3em;\">\u00abConsidero importante promover el cambio de nombre oficial de dicha calle, a los fines de canalizar el inter\u00e9s de los vecinos particularmente y el de todos los ciudadanos porte\u00f1os en el sentimiento que nos merece el homenaje a todos los ca\u00eddos en las Islas Malvinas, que son y siempre ser\u00e1n argentinas\u00bb, expresan los fundamentos de la ley, que fue tratada en Audiencia P\u00fablica.<\/span><\/p>\n","protected":false},"excerpt":{"rendered":"<p>Con una declaraci\u00f3n, impulsada por la diputada Gabriela Alegre (FpV), la Legislatura \u00abconmemor\u00f3 hoy los diez a\u00f1os de la recuperaci\u00f3n del predio de la ex Escuela de Mec\u00e1nica de la Armada, llevada a cabo por iniciativa del entonces Presidente N\u00e9stor Kirchner\u00bb, y manifest\u00f3 \u00abel benepl\u00e1cito por su transformaci\u00f3n en un lugar de promoci\u00f3n de los [&hellip;]<\/p>\n","protected":false},"author":2,"featured_media":22854,"comment_status":"open","ping_status":"open","sticky":false,"template":"","format":"standard","meta":{"_et_pb_use_builder":"","_et_pb_old_content":"","_et_gb_content_width":"","footnotes":""},"categories":[11,44],"tags":[],"class_list":["post-25845","post","type-post","status-publish","format-standard","has-post-thumbnail","hentry","category-ciudad","category-funcionarios-de-la-caba"],"_links":{"self":[{"href":"https:\/\/vocesdebaires.com.ar\/index.php\/wp-json\/wp\/v2\/posts\/25845"}],"collection":[{"href":"https:\/\/vocesdebaires.com.ar\/index.php\/wp-json\/wp\/v2\/posts"}],"about":[{"href":"https:\/\/vocesdebaires.com.ar\/index.php\/wp-json\/wp\/v2\/types\/post"}],"author":[{"embeddable":true,"href":"https:\/\/vocesdebaires.com.ar\/index.php\/wp-json\/wp\/v2\/users\/2"}],"replies":[{"embeddable":true,"href":"https:\/\/vocesdebaires.com.ar\/index.php\/wp-json\/wp\/v2\/comments?post=25845"}],"version-history":[{"count":0,"href":"https:\/\/vocesdebaires.com.ar\/index.php\/wp-json\/wp\/v2\/posts\/25845\/revisions"}],"wp:featuredmedia":[{"embeddable":true,"href":"https:\/\/vocesdebaires.com.ar\/index.php\/wp-json\/wp\/v2\/media\/22854"}],"wp:attachment":[{"href":"https:\/\/vocesdebaires.com.ar\/index.php\/wp-json\/wp\/v2\/media?parent=25845"}],"wp:term":[{"taxonomy":"category","embeddable":true,"href":"https:\/\/vocesdebaires.com.ar\/index.php\/wp-json\/wp\/v2\/categories?post=25845"},{"taxonomy":"post_tag","embeddable":true,"href":"https:\/\/vocesdebaires.com.ar\/index.php\/wp-json\/wp\/v2\/tags?post=25845"}],"curies":[{"name":"wp","href":"https:\/\/api.w.org\/{rel}","templated":true}]}}