{"id":25846,"date":"2014-03-28T15:00:31","date_gmt":"2014-03-28T18:00:31","guid":{"rendered":"http:\/\/vocesdebaires.com.ar\/wordpress\/index.php\/2014\/03\/28\/homenajes-walsh-dr-raul-alfonsin-declaraciones-y-huespedes-2\/"},"modified":"2014-03-28T15:00:31","modified_gmt":"2014-03-28T18:00:31","slug":"homenajes-walsh-dr-raul-alfonsin-declaraciones-y-huespedes-2","status":"publish","type":"post","link":"https:\/\/vocesdebaires.com.ar\/index.php\/2014\/03\/28\/homenajes-walsh-dr-raul-alfonsin-declaraciones-y-huespedes-2\/","title":{"rendered":"Homenajes: Walsh, Dr. Ra\u00fal Alfons\u00edn, Declaraciones y Hu\u00e9spedes"},"content":{"rendered":"<p><span style=\"line-height: 1.3em;\">Homenaje a Rodolfo Walsh<\/span><\/p>\n<p><span style=\"line-height: 1.3em;\">La Legislatura vot\u00f3 una declaraci\u00f3n de autor\u00eda de los diputados Jorge Taiana y Mar\u00eda Rachid (FpV) que conmemora \u00abel 37\u00ba aniversario de la desaparici\u00f3n forzada a manos de la \u00faltima dictadura c\u00edvico-militar del escritor, periodista y militante Rodolfo Walsh y reitera su compromiso por la Memoria, la Verdad y la Justicia\u00bb.<\/span><span style=\"line-height: 1.3em;\">La muerte de Walsh se produjo el 25 de marzo de 1977, cuando fue cercado por un grupo de tareas entre las avenidas San Juan y Entre R\u00edos. Sabiendo que no pod\u00eda entregarse vivo, sin esperanzas de salvarse del enfrentamiento, Walsh desenfund\u00f3 su pistola calibre 22 para obligarlos a dispararle. Fue herido de muerte, pero su cuerpo nunca apareci\u00f3.<\/span><\/p>\n<p>Aniversario del fallecimiento del Dr. Ra\u00fal Ricardo Alfons\u00edn<\/p>\n<p><span style=\"line-height: 1.3em;\">La Legislatura de la Ciudad Aut\u00f3noma de Buenos Aires rinde homenaje al Dr. Ra\u00fal Ricardo Alfons\u00edn \u00a0al cumplirse el pr\u00f3ximo 31 de marzo cinco a\u00f1os de su fallecimiento y adhiere a los actos que se realicen en su honor. Los autores de los proyectos de declaraci\u00f3n aprobados hoy, en ese sentido, son los diputados H\u00e9ctor Huici, Hern\u00e1n Rossi (PRO), Francisco Nosiglia (SUMA+) y la diputada Raquel Herrero (PRO).<\/span><\/p>\n<p><span style=\"line-height: 1.3em;\">Entre los considerandos del proyecto los autores recordaban que \u00abel Dr. Ra\u00fal Ricardo Alfons\u00edn fue concejal, diputado provincial, diputado nacional, senador nacional y Presidente de la Naci\u00f3n Argentina. En 1983 fue elegido por una mayor\u00eda de la ciudadan\u00eda que ve\u00eda en \u00e9l la encarnaci\u00f3n de valores republicanos y respeto de las instituciones en momentos dif\u00edciles donde era necesario superar la alternancia entre gobiernos d\u00e9biles surgidos de elecciones y golpes militares -alentados siempre por sectores de la ciudadan\u00eda- que desembocaron en el desprestigio, el abuso de autoridad y la violencia. La gesti\u00f3n de su gobierno se reconoce principalmente por la realizaci\u00f3n del in\u00e9dito Juicio a las Juntas, por el Tratado de Paz y Amistad entre Argentina y Chile y la creaci\u00f3n del Mercosur. Durante su gobierno se plantaron las bases para la construcci\u00f3n de una democracia firme, duradera con amplio respeto a la institucionalidad republicana\u00bb.<\/span><\/p>\n<p><span style=\"line-height: 1.3em;\">Tambi\u00e9n fue aprobada otra ley, en segunda lectura, por lo tanto en forma definitiva, que declara \u00abBien integrante del Patrimonio Cultural\u00bb al mausoleo que contiene los restos del Dr. Ra\u00fal Alfons\u00edn. El proyecto, expediente 2386-D-13, fue impulsado por el bloque SUMA +.<\/span><\/p>\n<p><span style=\"line-height: 1.3em;\">Declaraci\u00f3n por la 40\u00ba Edici\u00f3n de la Feria del Libro<\/span><\/p>\n<p><span style=\"line-height: 1.3em;\">El Cuerpo parlamentario aprob\u00f3 declarar de inter\u00e9s cultural de la Ciudad Aut\u00f3noma de Buenos Aires la 40\u00ba Edici\u00f3n de la Feria Internacional del Libro, organizada por la Fundaci\u00f3n El Libro, que se realizar\u00e1 del 24 de abril al 12 de mayo en la Rural.<\/span><span style=\"line-height: 1.3em;\">\u00abLa Feria del Libro de Buenos Aires es organizada por la Fundaci\u00f3n El Libro desde el a\u00f1o 1975. El objetivo de este encuentro es la promoci\u00f3n del libro y los h\u00e1bitos de la lectura. Sin dudas, actualmente, es uno de los eventos culturales m\u00e1s importantes del continente\u00bb, expresan los fundamentos del proyecto, aprobado con texto consensuado.<\/span><\/p>\n<p>Hu\u00e9spedes de Honor<\/p>\n<p><span style=\"line-height: 1.3em;\">El Cuerpo Parlamentario aprob\u00f3 la declaraci\u00f3n de Hu\u00e9sped de Honor de la Ciudad Aut\u00f3noma de Buenos Aires al cantante, compositor y actor paname\u00f1o Rub\u00e9n Blades, quien visitar\u00e1 la Ciudad de Buenos Aires el d\u00eda 30 de abril del corriente a\u00f1o para ofrecer un recital en el Estadio Luna Park. La impulsora del proyecto fue la diputada Gabriela Seijo (PRO).<\/span><span style=\"line-height: 1.3em;\">En el mismo sentido, se distingui\u00f3 a la cantante espa\u00f1ola Rosana Arbelo Gopar, conocida internacionalmente como Rosana, quien visitara la Ciudad el 6 de abril pr\u00f3ximo. La cantante ser\u00e1 distinguida no s\u00f3lo por su reconocida capacidad art\u00edstica sino por su labor y predica a favor de las minor\u00edas, seg\u00fan el diputado Christian Bauab (PRO), autor de la iniciativa.<\/span><\/p>\n<p>Pesar por la muerte del primer presidente de la democracia espa\u00f1ola<\/p>\n<p><span style=\"line-height: 1.3em;\">La Legislatura expresa\u00f3 a trav\u00e9s de una declaraci\u00f3n aprobada hoy su pesar por el fallecimiento de Adolfo Su\u00e1rez, ocurrido en la Ciudad de Madrid, Espa\u00f1a, el pasado 23 de marzo. Esta instituci\u00f3n rinde reconocimiento a quien fuera Presidente de Espa\u00f1a entre 1976 y 1981, un estadista y un cabal pol\u00edtico que contuvo el proceso de transici\u00f3n de la dictadura de Francisco Franco a un sistema democr\u00e1tico. El proyecto fue impulsado por el diputado Christian Bauab (PRO).<\/span><\/p>\n<p>La sesi\u00f3n que fue presidida por el Vicepresidente I, diputado Cristian Ritondo (PRO), comenz\u00f3 a las 12:10 y termin\u00f3 a las 14 horas.<\/p>\n","protected":false},"excerpt":{"rendered":"<p>Homenaje a Rodolfo Walsh La Legislatura vot\u00f3 una declaraci\u00f3n de autor\u00eda de los diputados Jorge Taiana y Mar\u00eda Rachid (FpV) que conmemora \u00abel 37\u00ba aniversario de la desaparici\u00f3n forzada a manos de la \u00faltima dictadura c\u00edvico-militar del escritor, periodista y militante Rodolfo Walsh y reitera su compromiso por la Memoria, la Verdad y la Justicia\u00bb.La [&hellip;]<\/p>\n","protected":false},"author":2,"featured_media":22563,"comment_status":"open","ping_status":"open","sticky":false,"template":"","format":"standard","meta":{"_et_pb_use_builder":"","_et_pb_old_content":"","_et_gb_content_width":"","footnotes":""},"categories":[11,44],"tags":[],"class_list":["post-25846","post","type-post","status-publish","format-standard","has-post-thumbnail","hentry","category-ciudad","category-funcionarios-de-la-caba"],"_links":{"self":[{"href":"https:\/\/vocesdebaires.com.ar\/index.php\/wp-json\/wp\/v2\/posts\/25846"}],"collection":[{"href":"https:\/\/vocesdebaires.com.ar\/index.php\/wp-json\/wp\/v2\/posts"}],"about":[{"href":"https:\/\/vocesdebaires.com.ar\/index.php\/wp-json\/wp\/v2\/types\/post"}],"author":[{"embeddable":true,"href":"https:\/\/vocesdebaires.com.ar\/index.php\/wp-json\/wp\/v2\/users\/2"}],"replies":[{"embeddable":true,"href":"https:\/\/vocesdebaires.com.ar\/index.php\/wp-json\/wp\/v2\/comments?post=25846"}],"version-history":[{"count":0,"href":"https:\/\/vocesdebaires.com.ar\/index.php\/wp-json\/wp\/v2\/posts\/25846\/revisions"}],"wp:featuredmedia":[{"embeddable":true,"href":"https:\/\/vocesdebaires.com.ar\/index.php\/wp-json\/wp\/v2\/media\/22563"}],"wp:attachment":[{"href":"https:\/\/vocesdebaires.com.ar\/index.php\/wp-json\/wp\/v2\/media?parent=25846"}],"wp:term":[{"taxonomy":"category","embeddable":true,"href":"https:\/\/vocesdebaires.com.ar\/index.php\/wp-json\/wp\/v2\/categories?post=25846"},{"taxonomy":"post_tag","embeddable":true,"href":"https:\/\/vocesdebaires.com.ar\/index.php\/wp-json\/wp\/v2\/tags?post=25846"}],"curies":[{"name":"wp","href":"https:\/\/api.w.org\/{rel}","templated":true}]}}