{"id":25866,"date":"2014-04-03T12:41:24","date_gmt":"2014-04-03T15:41:24","guid":{"rendered":"http:\/\/vocesdebaires.com.ar\/wordpress\/index.php\/2014\/04\/03\/vidal-sostuvo-que-los-linchamientos-son-injustificables-2\/"},"modified":"2014-04-03T12:41:24","modified_gmt":"2014-04-03T15:41:24","slug":"vidal-sostuvo-que-los-linchamientos-son-injustificables-2","status":"publish","type":"post","link":"https:\/\/vocesdebaires.com.ar\/index.php\/2014\/04\/03\/vidal-sostuvo-que-los-linchamientos-son-injustificables-2\/","title":{"rendered":"Vidal, sostuvo que \u201clos linchamientos son injustificables\u00bb"},"content":{"rendered":"<p><span style=\"line-height: 1.3em;\">La vicejefa de Gobierno porte\u00f1o, Mar\u00eda Eugenia Vidal, sostuvo que \u201clos linchamientos son injustificables pero tambi\u00e9n es inaceptable vivir en una sociedad con desamparo y desprotecci\u00f3n\u201d y atribuy\u00f3 el problema a \u201cdiez a\u00f1os de falta de gesti\u00f3n en materia de seguridad\u201d.<\/span><span style=\"line-height: 1.3em;\">\u201cAs\u00ed como se neg\u00f3 la inflaci\u00f3n y como se neg\u00f3 la pobreza y se dijo que este era un modelo popular que promov\u00eda la inclusi\u00f3n pero la inclusi\u00f3n s\u00f3lo se basa en planes de supervivencia, de la misma manera est\u00e1 estallando la no gesti\u00f3n para combatir la inseguridad\u201d, asever\u00f3 Vidal en Canal 26.<\/span><\/p>\n<p><span style=\"line-height: 1.3em;\">\u201cLa gente se pregunta cu\u00e1ndo me va a tocar a m\u00ed y esa situaci\u00f3n genera mucha desprotecci\u00f3n\u201d, se\u00f1al\u00f3 Vidal anoche en el programa de televisi\u00f3n de Alfredo Leuco y enfatiz\u00f3 que \u201cla gente est\u00e1 especialmente desesperada con la inseguridad en la provincia de Buenos Aires, donde se dan casos realmente graves\u00b7\u201d<\/span><\/p>\n<p><span style=\"line-height: 1.3em;\">Vidal aclar\u00f3 que \u201cen la Ciudad de Buenos Aires no le mentimos a la gente, no le decimos que le vamos a resolver el problema de un d\u00eda para otro, pero hace tres a\u00f1os que empezamos con la polic\u00eda metropolitana y, donde est\u00e1, los vecinos est\u00e1n tranquilos. La Metropolitana es una polic\u00eda que hace tres a\u00f1os est\u00e1 en la calle y no tiene ninguna denuncia de corrupci\u00f3n\u201d, resalt\u00f3.<\/span><span style=\"line-height: 1.3em;\">Sobre la cuesti\u00f3n social consider\u00f3 que \u201cla inclusi\u00f3n de verdad debe ser un plan que sea un puente y no una estaci\u00f3n para quedarse permanentemente. \u00a0Debe ser un puente a la educaci\u00f3n, a la salud, a una salida laboral. Hoy tenemos un sistema que dice ser de inclusi\u00f3n pero no le da ni salud, ni trabajo ni educaci\u00f3n a la gente\u201d.<\/span><\/p>\n<p><span style=\"line-height: 1.3em;\">En la Provincia de Buenos Aires<\/span><\/p>\n<p><span style=\"line-height: 1.3em;\">Consultada sobre sus aspiraciones pol\u00edticas en la Provincia de Buenos Aires, Vidal dijo: \u201cNadie hace las cosas sola y no hay individualidades brillantes que llegan y cambian todo. Yo creo en los equipos y hoy soy parte de un equipo en el PRO que camina la provincia para poder decirle a los bonaerenses que no se deben resignar a vivir as\u00ed para siempre y despu\u00e9s de 25 a\u00f1os que gobiernan los mismos puede venir algo distinto\u201d.<\/span><\/p>\n","protected":false},"excerpt":{"rendered":"<p>La vicejefa de Gobierno porte\u00f1o, Mar\u00eda Eugenia Vidal, sostuvo que \u201clos linchamientos son injustificables pero tambi\u00e9n es inaceptable vivir en una sociedad con desamparo y desprotecci\u00f3n\u201d y atribuy\u00f3 el problema a \u201cdiez a\u00f1os de falta de gesti\u00f3n en materia de seguridad\u201d.\u201cAs\u00ed como se neg\u00f3 la inflaci\u00f3n y como se neg\u00f3 la pobreza y se dijo [&hellip;]<\/p>\n","protected":false},"author":2,"featured_media":13978,"comment_status":"open","ping_status":"open","sticky":false,"template":"","format":"standard","meta":{"_et_pb_use_builder":"","_et_pb_old_content":"","_et_gb_content_width":"","footnotes":""},"categories":[11,44],"tags":[],"class_list":["post-25866","post","type-post","status-publish","format-standard","has-post-thumbnail","hentry","category-ciudad","category-funcionarios-de-la-caba"],"_links":{"self":[{"href":"https:\/\/vocesdebaires.com.ar\/index.php\/wp-json\/wp\/v2\/posts\/25866"}],"collection":[{"href":"https:\/\/vocesdebaires.com.ar\/index.php\/wp-json\/wp\/v2\/posts"}],"about":[{"href":"https:\/\/vocesdebaires.com.ar\/index.php\/wp-json\/wp\/v2\/types\/post"}],"author":[{"embeddable":true,"href":"https:\/\/vocesdebaires.com.ar\/index.php\/wp-json\/wp\/v2\/users\/2"}],"replies":[{"embeddable":true,"href":"https:\/\/vocesdebaires.com.ar\/index.php\/wp-json\/wp\/v2\/comments?post=25866"}],"version-history":[{"count":0,"href":"https:\/\/vocesdebaires.com.ar\/index.php\/wp-json\/wp\/v2\/posts\/25866\/revisions"}],"wp:featuredmedia":[{"embeddable":true,"href":"https:\/\/vocesdebaires.com.ar\/index.php\/wp-json\/wp\/v2\/media\/13978"}],"wp:attachment":[{"href":"https:\/\/vocesdebaires.com.ar\/index.php\/wp-json\/wp\/v2\/media?parent=25866"}],"wp:term":[{"taxonomy":"category","embeddable":true,"href":"https:\/\/vocesdebaires.com.ar\/index.php\/wp-json\/wp\/v2\/categories?post=25866"},{"taxonomy":"post_tag","embeddable":true,"href":"https:\/\/vocesdebaires.com.ar\/index.php\/wp-json\/wp\/v2\/tags?post=25866"}],"curies":[{"name":"wp","href":"https:\/\/api.w.org\/{rel}","templated":true}]}}