{"id":25867,"date":"2014-04-03T12:52:08","date_gmt":"2014-04-03T15:52:08","guid":{"rendered":"http:\/\/vocesdebaires.com.ar\/wordpress\/index.php\/2014\/04\/03\/modificacionpara-los-trabajadoressobre-impuesto-a-las-ganancias-2\/"},"modified":"2014-04-03T12:52:08","modified_gmt":"2014-04-03T15:52:08","slug":"modificacionpara-los-trabajadoressobre-impuesto-a-las-ganancias-2","status":"publish","type":"post","link":"https:\/\/vocesdebaires.com.ar\/index.php\/2014\/04\/03\/modificacionpara-los-trabajadoressobre-impuesto-a-las-ganancias-2\/","title":{"rendered":"Modificaci\u00f3n:Para los trabajadores,sobre Impuesto a las Ganancias"},"content":{"rendered":"<p><span style=\"line-height: 1.3em;\">El legislador porte\u00f1o Helio Rebot (PRO) present\u00f3 el martes pasado un proyecto de declaraci\u00f3n destinado a que el gobierno nacional considere una modificaci\u00f3n en el Impuesto a las Ganancias para los trabajadores, actualizando \u201cen forma autom\u00e1tica el m\u00ednimo no imponible seg\u00fan el \u00edndice de inflaci\u00f3n y en forma proporcional para todas las escalas\u201d.<\/span><\/p>\n<p><span style=\"line-height: 1.3em;\">En los fundamentos del proyecto, Rebot recuerda que pasaron seis meses del ajuste realizado por el Ejecutivo nacional sobre el m\u00ednimo no imponible, pero que \u201cpor el efecto inflacionario esta conquista parcial se vio evaporada. En otras palabras, estamos frente a un sistema impositivo muy cruel, ya que lo que se cobra como aumento en las paritarias, se pierde en el Impuesto a las Ganancias\u201d.<\/span><\/p>\n<p><span style=\"line-height: 1.3em;\">Asimismo, el diputado destaca que \u201csobre una masa de diez millones de trabajadores, casi el 50% estaba alcanzado por el gravamen, pero seg\u00fan se estim\u00f3 con el nuevo acuerdo en paritaria, el 60% de la poblaci\u00f3n registrada tiene descuentos por ganancias y son descuentos violentos\u201d.<\/span><span style=\"line-height: 1.3em;\">Por tal motivo, el autor del proyecto considera necesario \u201cexpedirse desde esta Legislatura respecto de la importancia de dicha reforma a fin de que sea considerada por el Poder Ejecutivo Nacional\u201d.<\/span><\/p>\n","protected":false},"excerpt":{"rendered":"<p>El legislador porte\u00f1o Helio Rebot (PRO) present\u00f3 el martes pasado un proyecto de declaraci\u00f3n destinado a que el gobierno nacional considere una modificaci\u00f3n en el Impuesto a las Ganancias para los trabajadores, actualizando \u201cen forma autom\u00e1tica el m\u00ednimo no imponible seg\u00fan el \u00edndice de inflaci\u00f3n y en forma proporcional para todas las escalas\u201d. En los [&hellip;]<\/p>\n","protected":false},"author":2,"featured_media":15764,"comment_status":"open","ping_status":"open","sticky":false,"template":"","format":"standard","meta":{"_et_pb_use_builder":"","_et_pb_old_content":"","_et_gb_content_width":"","footnotes":""},"categories":[11,44],"tags":[],"class_list":["post-25867","post","type-post","status-publish","format-standard","has-post-thumbnail","hentry","category-ciudad","category-funcionarios-de-la-caba"],"_links":{"self":[{"href":"https:\/\/vocesdebaires.com.ar\/index.php\/wp-json\/wp\/v2\/posts\/25867"}],"collection":[{"href":"https:\/\/vocesdebaires.com.ar\/index.php\/wp-json\/wp\/v2\/posts"}],"about":[{"href":"https:\/\/vocesdebaires.com.ar\/index.php\/wp-json\/wp\/v2\/types\/post"}],"author":[{"embeddable":true,"href":"https:\/\/vocesdebaires.com.ar\/index.php\/wp-json\/wp\/v2\/users\/2"}],"replies":[{"embeddable":true,"href":"https:\/\/vocesdebaires.com.ar\/index.php\/wp-json\/wp\/v2\/comments?post=25867"}],"version-history":[{"count":0,"href":"https:\/\/vocesdebaires.com.ar\/index.php\/wp-json\/wp\/v2\/posts\/25867\/revisions"}],"wp:featuredmedia":[{"embeddable":true,"href":"https:\/\/vocesdebaires.com.ar\/index.php\/wp-json\/wp\/v2\/media\/15764"}],"wp:attachment":[{"href":"https:\/\/vocesdebaires.com.ar\/index.php\/wp-json\/wp\/v2\/media?parent=25867"}],"wp:term":[{"taxonomy":"category","embeddable":true,"href":"https:\/\/vocesdebaires.com.ar\/index.php\/wp-json\/wp\/v2\/categories?post=25867"},{"taxonomy":"post_tag","embeddable":true,"href":"https:\/\/vocesdebaires.com.ar\/index.php\/wp-json\/wp\/v2\/tags?post=25867"}],"curies":[{"name":"wp","href":"https:\/\/api.w.org\/{rel}","templated":true}]}}