{"id":2587,"date":"2020-10-06T03:00:00","date_gmt":"2020-10-06T06:00:00","guid":{"rendered":"http:\/\/vocesdebaires.com.ar\/wordpress\/index.php\/2020\/10\/06\/solo-cinco-provincias-con-incendios-activos\/"},"modified":"2020-10-06T03:00:00","modified_gmt":"2020-10-06T06:00:00","slug":"solo-cinco-provincias-con-incendios-activos","status":"publish","type":"post","link":"https:\/\/vocesdebaires.com.ar\/index.php\/2020\/10\/06\/solo-cinco-provincias-con-incendios-activos\/","title":{"rendered":"S\u00f2lo cinco provincias con incendios activos"},"content":{"rendered":"<p>El Ministerio de Ambiente y Desarrollo Sostenible de la Naci\u00f3n, informa que disminuy\u00f3 la cantidad de provincias que registran incendios activos, por lo que quedan focos en actividad en C\u00f3rdoba, San Luis, Tucum\u00e1n, Salta y Formosa. El delta del Paran\u00e1 se encuentra sin focos activos. El Gobierno nacional despleg\u00f3 brigadistas y medios a\u00e9reos para contener los incendios de pastizales de la zona, que comenzaron hace seis meses. Al respecto, Cabandi\u00e9 cuantific\u00f3 el esfuerzo que demand\u00f3 contener el fuego: \u201csolo al Estado nacional le cost\u00f3 $ 20 millones por d\u00eda el incendio en el delta del Paran\u00e1\u201d.<\/p>\n<p>Dado que la actividad del fuego en incendios forestales y de pastizales es una realidad din\u00e1mica que puede cambiar de manera constante, el ministro de Ambiente consider\u00f3 \u201capelar a la responsabilidad y compromiso de los Estados provinciales, la justicia y los sectores productivos para evitar nuevos focos\u201d. \u201cEl 95 % de los fuegos son intencionales por distintos motivos: por especulaci\u00f3n inmobiliaria, por uso y costumbre del sector agropecuario; y eso hace que la situaci\u00f3n sea compleja porque no hay precipitaciones y porque hay mucho material combustible acumulado en distintas provincias\u201d, manifest\u00f3 Cabandi\u00e9 en declaraciones radiales.<\/p>\n<p>El Gobierno nacional, a trav\u00e9s del Servicio Nacional de Manejo del Fuego (SNMF),\u00a0 complementa y fortalece las estructuras de cada jurisdicci\u00f3n que demande recursos para combatir incendios. A la fecha, el Ministerio de Ambiente despleg\u00f3 a C\u00f3rdoba 65 brigadistas nacionales y 7 medios a\u00e9reos; a San Luis envi\u00f3 76 brigadistas nacionales y dos aviones hidrantes; y tres aviones hidrantes para Jujuy, Catamarca y Tucum\u00e1n, respectivamente. <a><\/a><\/p>\n","protected":false},"excerpt":{"rendered":"<p>El Ministerio de Ambiente y Desarrollo Sostenible de la Naci\u00f3n, informa que disminuy\u00f3 la cantidad de provincias que registran incendios activos, por lo que quedan focos en actividad en C\u00f3rdoba, San Luis, Tucum\u00e1n, Salta y Formosa. El delta del Paran\u00e1 se encuentra sin focos activos. El Gobierno nacional despleg\u00f3 brigadistas y medios a\u00e9reos para contener [&hellip;]<\/p>\n","protected":false},"author":1,"featured_media":2588,"comment_status":"open","ping_status":"open","sticky":false,"template":"","format":"standard","meta":{"_et_pb_use_builder":"","_et_pb_old_content":"","_et_gb_content_width":"","footnotes":""},"categories":[34,13],"tags":[],"class_list":["post-2587","post","type-post","status-publish","format-standard","has-post-thumbnail","hentry","category-politica","category-provincia"],"_links":{"self":[{"href":"https:\/\/vocesdebaires.com.ar\/index.php\/wp-json\/wp\/v2\/posts\/2587"}],"collection":[{"href":"https:\/\/vocesdebaires.com.ar\/index.php\/wp-json\/wp\/v2\/posts"}],"about":[{"href":"https:\/\/vocesdebaires.com.ar\/index.php\/wp-json\/wp\/v2\/types\/post"}],"author":[{"embeddable":true,"href":"https:\/\/vocesdebaires.com.ar\/index.php\/wp-json\/wp\/v2\/users\/1"}],"replies":[{"embeddable":true,"href":"https:\/\/vocesdebaires.com.ar\/index.php\/wp-json\/wp\/v2\/comments?post=2587"}],"version-history":[{"count":0,"href":"https:\/\/vocesdebaires.com.ar\/index.php\/wp-json\/wp\/v2\/posts\/2587\/revisions"}],"wp:featuredmedia":[{"embeddable":true,"href":"https:\/\/vocesdebaires.com.ar\/index.php\/wp-json\/wp\/v2\/media\/2588"}],"wp:attachment":[{"href":"https:\/\/vocesdebaires.com.ar\/index.php\/wp-json\/wp\/v2\/media?parent=2587"}],"wp:term":[{"taxonomy":"category","embeddable":true,"href":"https:\/\/vocesdebaires.com.ar\/index.php\/wp-json\/wp\/v2\/categories?post=2587"},{"taxonomy":"post_tag","embeddable":true,"href":"https:\/\/vocesdebaires.com.ar\/index.php\/wp-json\/wp\/v2\/tags?post=2587"}],"curies":[{"name":"wp","href":"https:\/\/api.w.org\/{rel}","templated":true}]}}