{"id":25883,"date":"2014-04-07T15:27:11","date_gmt":"2014-04-07T18:27:11","guid":{"rendered":"http:\/\/vocesdebaires.com.ar\/wordpress\/index.php\/2014\/04\/07\/inseguridad-vidal-se-reunio-con-intendente-radical-2\/"},"modified":"2014-04-07T15:27:11","modified_gmt":"2014-04-07T18:27:11","slug":"inseguridad-vidal-se-reunio-con-intendente-radical-2","status":"publish","type":"post","link":"https:\/\/vocesdebaires.com.ar\/index.php\/2014\/04\/07\/inseguridad-vidal-se-reunio-con-intendente-radical-2\/","title":{"rendered":"Inseguridad: Vidal se reuni\u00f3 con intendente radical"},"content":{"rendered":"<p><span style=\"line-height: 1.3em;\">La referente del PRO bonaerense, Mar\u00eda Eugenia Vidal, se reuni\u00f3 con el intendente radical de Pergamino, Omar Pacini, con quien analiz\u00f3 el problema de la inseguridad, rechaz\u00f3 los linchamientos y reclam\u00f3 al Gobierno nacional y al de la Provincia \u00abque se involucren\u00bb para dar respuesta a la gente en materia de seguridad.<\/span><span style=\"line-height: 1.3em;\">\u00abLos linchamientos no pueden ser la manera de resolver el miedo, la desesperaci\u00f3n y la angustia que tiene la gente por la inseguridad. Tampoco se puede vivir en una sociedad con desamparo y con miedo, donde la Justicia libera a los delincuentes en pocas horas, y donde el Gobierno nacional no se ha involucrado y dice permanentemente que no hay inseguridad, o que es un problema de la oposici\u00f3n o de los gobiernos provinciales\u00bb, sostuvo Vidal durante una visita a Pergamino junto al referente del PRO y presidente del Concejo Deliberante, Lucio Tez\u00f3n, y el referente local del macrismo Marcelo Pac\u00edfico.<\/span><\/p>\n<p><span style=\"line-height: 1.3em;\">Agreg\u00f3 que \u00abm\u00e1s all\u00e1 del esfuerzo de muchos intendentes, veo que a nivel provincial faltan respuestas para los problemas de la gente y nos hemos acostumbrado a despertar todos los d\u00edas con un muerto nuevo. Uno no puede despertarse todos los d\u00edas pensando &#8216;y a m\u00ed cuando me va a pasar&#8217;. Esto no puede esperar al pr\u00f3ximo presidente. La gente no puede esperar un a\u00f1o y medio a que la pol\u00edtica reaccione. Necesitamos trabajar ya. Desde la Ciudad lo estamos haciendo, pero necesitamos que el Gobierno nacional y el de la Provincia se involucren. Hay que trabajar en conjunto m\u00e1s all\u00e1 de la especulaci\u00f3n pol\u00edtica\u00bb.<\/span><span style=\"line-height: 1.3em;\">Sobre la reuni\u00f3n con el intendente radical afirm\u00f3 que \u00abdeber\u00eda ser algo normal que haya dos referentes de fuerzas distintas que se saluden cuando uno va a la ciudad del otro y que se sienten a hablar. Despu\u00e9s de muchos a\u00f1os en que el kirchnerismo ha tratado de instalar la confrontaci\u00f3n, gestos como este ayudan a dar un mensaje distinto\u00bb.<\/span><\/p>\n<p><span style=\"line-height: 1.3em;\">Por su parte, el intendente destac\u00f3 que \u00abla visita de Mar\u00eda Eugenia tiene que ver con su participaci\u00f3n activa en la pol\u00edtica argentina y de la Provincia. Es una satisfacci\u00f3n recibirla\u00bb. Y agreg\u00f3 que \u00aben esto de trabajar en equipo nos hemos copiado del Gobierno de la Ciudad de Buenos Aires, nuestro slogan es &#8216;Juntos por Pergamino&#8217; y en eso hay una comuni\u00f3n de ideas con la Ciudad que va m\u00e1s all\u00e1 de las diferencias pol\u00edticas que podemos llegar a tener\u00bb.<\/span><span style=\"line-height: 1.3em;\">Tras la reuni\u00f3n con el jefe comunal, Vidal encabez\u00f3 un encuentro con referentes macristas de la Segunda Secci\u00f3n, y a la tarde visitar\u00e1 la ciudad de Salto acompa\u00f1ada por el concejal Carlos P\u00e9rez, donde asistir\u00e1 al Hogar del Ni\u00f1o y luego participar\u00e1 de una charla con empresarios de la C\u00e1mara de Comercio y una recorrida por el cord\u00f3n industrial de la ciudad.<\/span><\/p>\n","protected":false},"excerpt":{"rendered":"<p>La referente del PRO bonaerense, Mar\u00eda Eugenia Vidal, se reuni\u00f3 con el intendente radical de Pergamino, Omar Pacini, con quien analiz\u00f3 el problema de la inseguridad, rechaz\u00f3 los linchamientos y reclam\u00f3 al Gobierno nacional y al de la Provincia \u00abque se involucren\u00bb para dar respuesta a la gente en materia de seguridad.\u00abLos linchamientos no pueden [&hellip;]<\/p>\n","protected":false},"author":2,"featured_media":22920,"comment_status":"open","ping_status":"open","sticky":false,"template":"","format":"standard","meta":{"_et_pb_use_builder":"","_et_pb_old_content":"","_et_gb_content_width":"","footnotes":""},"categories":[11,44],"tags":[],"class_list":["post-25883","post","type-post","status-publish","format-standard","has-post-thumbnail","hentry","category-ciudad","category-funcionarios-de-la-caba"],"_links":{"self":[{"href":"https:\/\/vocesdebaires.com.ar\/index.php\/wp-json\/wp\/v2\/posts\/25883"}],"collection":[{"href":"https:\/\/vocesdebaires.com.ar\/index.php\/wp-json\/wp\/v2\/posts"}],"about":[{"href":"https:\/\/vocesdebaires.com.ar\/index.php\/wp-json\/wp\/v2\/types\/post"}],"author":[{"embeddable":true,"href":"https:\/\/vocesdebaires.com.ar\/index.php\/wp-json\/wp\/v2\/users\/2"}],"replies":[{"embeddable":true,"href":"https:\/\/vocesdebaires.com.ar\/index.php\/wp-json\/wp\/v2\/comments?post=25883"}],"version-history":[{"count":0,"href":"https:\/\/vocesdebaires.com.ar\/index.php\/wp-json\/wp\/v2\/posts\/25883\/revisions"}],"wp:featuredmedia":[{"embeddable":true,"href":"https:\/\/vocesdebaires.com.ar\/index.php\/wp-json\/wp\/v2\/media\/22920"}],"wp:attachment":[{"href":"https:\/\/vocesdebaires.com.ar\/index.php\/wp-json\/wp\/v2\/media?parent=25883"}],"wp:term":[{"taxonomy":"category","embeddable":true,"href":"https:\/\/vocesdebaires.com.ar\/index.php\/wp-json\/wp\/v2\/categories?post=25883"},{"taxonomy":"post_tag","embeddable":true,"href":"https:\/\/vocesdebaires.com.ar\/index.php\/wp-json\/wp\/v2\/tags?post=25883"}],"curies":[{"name":"wp","href":"https:\/\/api.w.org\/{rel}","templated":true}]}}