{"id":25886,"date":"2014-04-07T19:05:55","date_gmt":"2014-04-07T22:05:55","guid":{"rendered":"http:\/\/vocesdebaires.com.ar\/wordpress\/index.php\/2014\/04\/07\/vidal-y-larretaen-el-dia-mundial-de-la-salud-2\/"},"modified":"2014-04-07T19:05:55","modified_gmt":"2014-04-07T22:05:55","slug":"vidal-y-larretaen-el-dia-mundial-de-la-salud-2","status":"publish","type":"post","link":"https:\/\/vocesdebaires.com.ar\/index.php\/2014\/04\/07\/vidal-y-larretaen-el-dia-mundial-de-la-salud-2\/","title":{"rendered":"Vidal y Larreta,en el D\u00eda Mundial de la Salud"},"content":{"rendered":"<p><span style=\"line-height: 1.3em;\">La vicejefa de gobierno porte\u00f1o, Mar\u00eda Eugenia Vidal, y el jefe de gabinete, Horacio Rodr\u00edguez Larreta, participaron esta ma\u00f1ana de la campa\u00f1a que las Estaciones Saludables realizaron en el Obelisco para incentivar el consumo de frutas y verduras, en el marco del D\u00eda Mundial de la Salud, que se conmemora hoy.<\/span><span style=\"line-height: 1.3em;\">Acompa\u00f1ados por la ministra de Salud porte\u00f1a, Graciela Reybaud, y el Director General de Desarrollo Saludable, H\u00e9ctor Gatto, Vidal y Larreta destacaron la importancia de la comida sana y la actividad f\u00edsica para tener una mejor calidad de vida y prevenir enfermedades.<\/span><\/p>\n<p><span style=\"line-height: 1.3em;\">\u201cSeg\u00fan los estudios que hemos realizado, m\u00e1s de la mitad de los porte\u00f1os no consumen la cantidad diaria de fruta recomendada. Y 4 de cada 10 chicos tienen problema de sobrepeso y de obesidad\u201d, destac\u00f3 Vidal en el lanzamiento de la campa\u00f1a. \u201cPor eso es tan importante difundir y concientizar que una vida sana hace que nos enfermemos menos\u201d.<\/span><span style=\"line-height: 1.3em;\">\u201cMuchas veces hablamos de muertes por inseguridad o por accidentes viales, pero se generan muchas m\u00e1s muertes todos los a\u00f1os de manera silenciosa por enfermedades cardiovasculares y por accidentes cerebrovasculares\u00bb, indic\u00f3 la vicejefa. \u00abSon todas enfermedades que se pueden prevenir si cambiamos nuestros h\u00e1bitos, si consumimos m\u00e1s frutas y verduras, si salimos a caminar, si hacemos actividad f\u00edsica\u201d, concluy\u00f3.<\/span><\/p>\n<p><span style=\"line-height: 1.3em;\">Por su parte, Horacio Rodr\u00edguez Larreta se\u00f1al\u00f3 que \u201cadem\u00e1s de prevenir enfermedades, una alimentaci\u00f3n saludable nos hace sentir mejor para encarar nuestras actividades diarias, como trabajar o estudiar. La salud es lo m\u00e1s importante que tenemos; por eso queremos incentivar a todos los vecinos a comer m\u00e1s frutas y verduras\u201d.<\/span><span style=\"line-height: 1.3em;\">Ubicadas en el Obelisco, las Estaciones Saludables ofrecieron hoy de manera gratuita controles de salud y consejer\u00eda en alimentaci\u00f3n saludable, a cargo de un equipo de enfermeros y nutricionistas que realizaron controles de peso, talla y presi\u00f3n arterial. Para promocionar el consumo de frutas y verduras, se instalaron en el Obelisco \u201cm\u00e1quinas expendedoras saludables\u201d que entregaron frutas gratis a los vecinos que se realizaron los controles.<\/span><\/p>\n<p><span style=\"line-height: 1.3em;\">La iniciativa fue organizada por la Vicejefatura de Gobierno de la ciudad y cont\u00f3 con la participaci\u00f3n del Ministerio de Salud y el apoyo de la Sociedad Argentina de Nutrici\u00f3n (SAN) y la Asociaci\u00f3n Argentina de Dietistas y Nutricionistas Dietistas (AADyND).<\/span><span style=\"line-height: 1.3em;\">Estudios recientes revelan el bajo consumo de frutas y verduras que se registra en la Ciudad de Buenos Aires. Seg\u00fan los datos de la Primera Encuesta Alimentaria y Nutricional de la Ciudad del 2011, en todos los grupos evaluados, la ingesta diaria promedio de verduras no feculentas y frutas estuvo por debajo de los 400 gramos recomendados.<\/span><span style=\"line-height: 1.3em;\">Por otro lado, s\u00f3lo el 11% de las personas que asistieron a la consejer\u00eda nutricional de las Estaciones Saludables y respondieron un cuestionario sobre h\u00e1bitos alimentarios cumpl\u00eda con la recomendaci\u00f3n de consumir las 5 porciones diarias de frutas y verduras. <\/span><\/p>\n<p><span style=\"line-height: 1.3em;\"><img decoding=\"async\" src=\"images\/stories\/111 salud.jpg\" border=\"0\" align=\"right\" \/><br \/><\/span><\/p>\n","protected":false},"excerpt":{"rendered":"<p>La vicejefa de gobierno porte\u00f1o, Mar\u00eda Eugenia Vidal, y el jefe de gabinete, Horacio Rodr\u00edguez Larreta, participaron esta ma\u00f1ana de la campa\u00f1a que las Estaciones Saludables realizaron en el Obelisco para incentivar el consumo de frutas y verduras, en el marco del D\u00eda Mundial de la Salud, que se conmemora hoy.Acompa\u00f1ados por la ministra de [&hellip;]<\/p>\n","protected":false},"author":2,"featured_media":22925,"comment_status":"open","ping_status":"open","sticky":false,"template":"","format":"standard","meta":{"_et_pb_use_builder":"","_et_pb_old_content":"","_et_gb_content_width":"","footnotes":""},"categories":[11,44],"tags":[],"class_list":["post-25886","post","type-post","status-publish","format-standard","has-post-thumbnail","hentry","category-ciudad","category-funcionarios-de-la-caba"],"_links":{"self":[{"href":"https:\/\/vocesdebaires.com.ar\/index.php\/wp-json\/wp\/v2\/posts\/25886"}],"collection":[{"href":"https:\/\/vocesdebaires.com.ar\/index.php\/wp-json\/wp\/v2\/posts"}],"about":[{"href":"https:\/\/vocesdebaires.com.ar\/index.php\/wp-json\/wp\/v2\/types\/post"}],"author":[{"embeddable":true,"href":"https:\/\/vocesdebaires.com.ar\/index.php\/wp-json\/wp\/v2\/users\/2"}],"replies":[{"embeddable":true,"href":"https:\/\/vocesdebaires.com.ar\/index.php\/wp-json\/wp\/v2\/comments?post=25886"}],"version-history":[{"count":0,"href":"https:\/\/vocesdebaires.com.ar\/index.php\/wp-json\/wp\/v2\/posts\/25886\/revisions"}],"wp:featuredmedia":[{"embeddable":true,"href":"https:\/\/vocesdebaires.com.ar\/index.php\/wp-json\/wp\/v2\/media\/22925"}],"wp:attachment":[{"href":"https:\/\/vocesdebaires.com.ar\/index.php\/wp-json\/wp\/v2\/media?parent=25886"}],"wp:term":[{"taxonomy":"category","embeddable":true,"href":"https:\/\/vocesdebaires.com.ar\/index.php\/wp-json\/wp\/v2\/categories?post=25886"},{"taxonomy":"post_tag","embeddable":true,"href":"https:\/\/vocesdebaires.com.ar\/index.php\/wp-json\/wp\/v2\/tags?post=25886"}],"curies":[{"name":"wp","href":"https:\/\/api.w.org\/{rel}","templated":true}]}}